{"id":7778,"date":"2020-07-05T22:29:41","date_gmt":"2020-07-05T22:29:41","guid":{"rendered":"https:\/\/oparanews.com.br\/?p=7778"},"modified":"2020-07-05T22:29:41","modified_gmt":"2020-07-05T22:29:41","slug":"incendio-destroi-parte-da-casa-de-ranquines-em-penedo","status":"publish","type":"post","link":"https:\/\/www.oparanews.com.br\/index.php\/2020\/07\/05\/incendio-destroi-parte-da-casa-de-ranquines-em-penedo\/","title":{"rendered":"Inc\u00eandio destr\u00f3i parte da Casa de Ranquines em Penedo"},"content":{"rendered":"<p>Um inc\u00eandio destruiu parte da Casa de Ranquines, fraternidade religiosa que atende a moradores de rua, em Penedo, na tarde de s\u00e1bado (4). Segundo os moradores da institui\u00e7\u00e3o, o fogo come\u00e7ou ap\u00f3s a troca de um botij\u00e3o de g\u00e1s. Ningu\u00e9m ficou ferido. A informa\u00e7\u00e3o foi confirmada pelos membros da institui\u00e7\u00e3o neste domingo (5).<\/p>\n<p>O corpo de bombeiros foi acionado para controlar as chamas. Eles foram informados de que o inc\u00eandio come\u00e7ou na cozinha e se espalhou para outros c\u00f4modos da casa. Eles apagaram as chamas e fizeram o rescaldo.<\/p>\n<p>Segundo o Frei Jos\u00e9 Maria, fundador da casa, o fogo atingiu a cozinha, 2 dormit\u00f3rios, um pavilh\u00e3o de banheiros, e outros dois quartos. A estrutura de madeira do telhado foi atingida e as telhas ca\u00edram.<\/p>\n<p>Foram perdidos eletrodom\u00e9sticos e cerca de 1 tonelada e meia de alimentos arrecadados para doa\u00e7\u00f5es que seriam destinadas a pessoas carentes. A estrutura ficou comprometida, e o pr\u00e9dio precisar\u00e1 ser demolido.<\/p>\n<p>\u201cN\u00f3s dormimos em um gin\u00e1sio de esportes que faz parte da casa de Penedo. Os vizinhos tamb\u00e9m nos acolheram e ajudaram. Vamos procurar um outro local para alugar enquanto iniciamos o processo de demoli\u00e7\u00e3o e reconstru\u00e7\u00e3o da nossa casa\u201d, informou o frei.<\/p>\n<p>A institui\u00e7\u00e3o religiosa foi fundada em Alagoas h\u00e1 15 anos, e tem outras duas casas em Macei\u00f3, onde atende a moradores de rua e pessoas em situa\u00e7\u00e3o de vulnerabilidade social.<\/p>\n<p>&nbsp;<\/p>\n<p><strong>Fonte: G1\/AL<\/strong><\/p>\n<p>&nbsp;<\/p>\n","protected":false},"excerpt":{"rendered":"<p>Um inc\u00eandio destruiu parte da Casa de Ranquines, fraternidade religiosa que atende a moradores de rua, em Penedo, na tarde de s\u00e1bado (4). Segundo os moradores da institui\u00e7\u00e3o, o fogo come\u00e7ou ap\u00f3s a troca de um botij\u00e3o de g\u00e1s. Ningu\u00e9m ficou ferido. A informa\u00e7\u00e3o foi confirmada pelos membros da institui\u00e7\u00e3o neste domingo (5). O corpo &hellip;<\/p>\n","protected":false},"author":1,"featured_media":7780,"comment_status":"open","ping_status":"open","sticky":false,"template":"","format":"standard","meta":{"_jetpack_newsletter_access":"","_jetpack_dont_email_post_to_subs":false,"_jetpack_newsletter_tier_id":0,"_jetpack_memberships_contains_paywalled_content":false,"_jetpack_memberships_contains_paid_content":false,"footnotes":""},"categories":[1],"tags":[],"class_list":["post-7778","post","type-post","status-publish","format-standard","has-post-thumbnail","hentry","category-destaque"],"jetpack_sharing_enabled":true,"jetpack_featured_media_url":"","_links":{"self":[{"href":"https:\/\/www.oparanews.com.br\/index.php\/wp-json\/wp\/v2\/posts\/7778","targetHints":{"allow":["GET"]}}],"collection":[{"href":"https:\/\/www.oparanews.com.br\/index.php\/wp-json\/wp\/v2\/posts"}],"about":[{"href":"https:\/\/www.oparanews.com.br\/index.php\/wp-json\/wp\/v2\/types\/post"}],"author":[{"embeddable":true,"href":"https:\/\/www.oparanews.com.br\/index.php\/wp-json\/wp\/v2\/users\/1"}],"replies":[{"embeddable":true,"href":"https:\/\/www.oparanews.com.br\/index.php\/wp-json\/wp\/v2\/comments?post=7778"}],"version-history":[{"count":0,"href":"https:\/\/www.oparanews.com.br\/index.php\/wp-json\/wp\/v2\/posts\/7778\/revisions"}],"wp:attachment":[{"href":"https:\/\/www.oparanews.com.br\/index.php\/wp-json\/wp\/v2\/media?parent=7778"}],"wp:term":[{"taxonomy":"category","embeddable":true,"href":"https:\/\/www.oparanews.com.br\/index.php\/wp-json\/wp\/v2\/categories?post=7778"},{"taxonomy":"post_tag","embeddable":true,"href":"https:\/\/www.oparanews.com.br\/index.php\/wp-json\/wp\/v2\/tags?post=7778"}],"curies":[{"name":"wp","href":"https:\/\/api.w.org\/{rel}","templated":true}]}}