{"id":7791,"date":"2020-07-06T18:01:41","date_gmt":"2020-07-06T18:01:41","guid":{"rendered":"https:\/\/oparanews.com.br\/?p=7791"},"modified":"2020-07-06T18:01:41","modified_gmt":"2020-07-06T18:01:41","slug":"governador-diz-que-comecara-a-discutir-reabertura-no-interior-de-alagoas","status":"publish","type":"post","link":"https:\/\/www.oparanews.com.br\/index.php\/2020\/07\/06\/governador-diz-que-comecara-a-discutir-reabertura-no-interior-de-alagoas\/","title":{"rendered":"Governador diz que come\u00e7ar\u00e1 a discutir reabertura no interior de Alagoas"},"content":{"rendered":"<p>O governador de Alagoas, Renan Filho, anunciou na manh\u00e3 desta segunda-feira (06), durante entrevista coletiva na entrega do Hospital Regional do Norte, em Porto Calvo, que a \u00faltima semana epidemiol\u00f3gica encerrada no s\u00e1bado (04) apontou uma redu\u00e7\u00e3o de mortes por Covid-19, tanto em Macei\u00f3 como no interior. Por causa desses n\u00fameros, Renan Filho disse que espera nos pr\u00f3ximos dias come\u00e7ar a avalia\u00e7\u00e3o para reabertura de atividades n\u00e3o essenciais tamb\u00e9m nos munic\u00edpios alagoanos.<\/p>\n<p>&#8220;Para ser sereno e prudente eu digo que est\u00e1 muito mais perto de abrir o interior do que antes. A boa not\u00edcia \u00e9 que na semana que fechou s\u00e1bado houve redu\u00e7\u00e3o de mortes na capital e no interior. Somadas, foram menos de 100 mortes na semana epidemiol\u00f3gica 27, quando j\u00e1 tivemos 100 mortes apenas na capital. Pelos n\u00fameros est\u00e1 tendo uma queda. A dificuldade de dizer se o pior j\u00e1 passou \u00e9 que n\u00e3o se sabe o que vai acontecer amanh\u00e3&#8221;, afirmou Renan Filho.<\/p>\n<p>O governador disse ainda que a conversa para o avan\u00e7o de fases tamb\u00e9m no interior ser\u00e1 com os diversos segmentos da sociedade. &#8220;Para isso, todo mundo precisa colaborar muito: usando m\u00e1scara, lavando as m\u00e3os e mantendo um distanciamento social controlado&#8221;, enfatizou.<\/p>\n<p>Entrega do Hospital Regional do Norte<\/p>\n<p>Nesta segunda foi entregue o Hospital Regional do Norte, com 50 leitos cl\u00ednicos e 10 leitos de UTI. O hospital funcionar\u00e1 no modelo &#8220;portas fechadas&#8221;, onde ser\u00e3o atendidos e internados pacientes prioritariamente da regi\u00e3o norte, que sejam encaminhados pela Central de Regula\u00e7\u00e3o depois de terem passado por unidades de sa\u00fade nos munic\u00edpios.<\/p>\n<p>&#8220;Esse equipamento foi 100% constru\u00eddo e equipado com recursos do estado. E eu agrade\u00e7o ao Governo Federal, ao ministro da sa\u00fade e ao presidente da Rep\u00fablica pelo envio dos respiradores. No dia 29 de setembro, faremos a entrega do 4\u00ba hospital em Alagoas em um ano: ser\u00e1 o Hospital Regional da Mata&#8221;, falou Renan Filho.<\/p>\n<p>O governador acrescentou ainda o papel que o hospital vai exercer, mesmo depois da pandemia. &#8220;Aqui ser\u00e3o atendidas: urg\u00eancia e emerg\u00eancia, partos, cirurgias de todos os tipos, e praticamente todos os tipos de exames laboratoriais de imagem. Nosso pa\u00eds viveu duas grande pandemias, uma h\u00e1 cerca de 100 anos atr\u00e1s, em 1918. Foi a gripe espanhola, onde Alagoas ganhou um equipamento novo: o cemit\u00e9rio S\u00e3o Jos\u00e9. Agora em 2020, estamos vivendo outra pandemia que est\u00e1 nos obrigando a usar m\u00e1scaras, e estamos entregando hospitais prara ajudar a salvar a vida das pessoas&#8221;, lembrou o governador.<\/p>\n<p>&#8220;Sem d\u00favidas, a sa\u00fade viver\u00e1 dois momentos: um antes e um depois dessas entregas. Porque quem \u00e9 atendido num hospital desse, n\u00e3o aceita mais ser atendido em um posto de sa\u00fade ruim&#8221;, comparou o chefe do executivo.<\/p>\n<p>&#8220;Esses dias n\u00f3s demos alta a um senhor de 104 anos que foi salvo no Hospital da Mulher. Quantos anos ele vai viver mais? N\u00e3o sei. Mas n\u00e3o morreu de covid-19 nessa pandemia&#8221;, ressaltou o governador, em refer\u00eancia ao papel que os hospitais entregues est\u00e3o desenvolvendo.<\/p>\n<p>O secret\u00e1rio de sa\u00fade de Alagoas, Alexandre Ayres, falou ainda sobre os profissionais da sa\u00fade que atuar\u00e3o no novo hospital entregue em Porto Calvo. &#8220;Fizemos um chamamento p\u00fablico para profissionais da sa\u00fade e ser\u00e3o 500 profissionais atuando aqui. A abertura estava prevista para agosto, mas antecipamos para refor\u00e7ar a assist\u00eancia hospitalar na regi\u00e3o&#8221;, explicou o secret\u00e1rio.<\/p>\n<p>&nbsp;<\/p>\n<p><strong>Fonte: TNH1<\/strong><\/p>\n<p>&nbsp;<\/p>\n","protected":false},"excerpt":{"rendered":"<p>O governador de Alagoas, Renan Filho, anunciou na manh\u00e3 desta segunda-feira (06), durante entrevista coletiva na entrega do Hospital Regional do Norte, em Porto Calvo, que a \u00faltima semana epidemiol\u00f3gica encerrada no s\u00e1bado (04) apontou uma redu\u00e7\u00e3o de mortes por Covid-19, tanto em Macei\u00f3 como no interior. Por causa desses n\u00fameros, Renan Filho disse que &hellip;<\/p>\n","protected":false},"author":1,"featured_media":7792,"comment_status":"open","ping_status":"open","sticky":false,"template":"","format":"standard","meta":{"_jetpack_newsletter_access":"","_jetpack_dont_email_post_to_subs":false,"_jetpack_newsletter_tier_id":0,"_jetpack_memberships_contains_paywalled_content":false,"_jetpack_memberships_contains_paid_content":false,"footnotes":""},"categories":[1],"tags":[],"class_list":["post-7791","post","type-post","status-publish","format-standard","has-post-thumbnail","hentry","category-destaque"],"jetpack_sharing_enabled":true,"jetpack_featured_media_url":"","_links":{"self":[{"href":"https:\/\/www.oparanews.com.br\/index.php\/wp-json\/wp\/v2\/posts\/7791","targetHints":{"allow":["GET"]}}],"collection":[{"href":"https:\/\/www.oparanews.com.br\/index.php\/wp-json\/wp\/v2\/posts"}],"about":[{"href":"https:\/\/www.oparanews.com.br\/index.php\/wp-json\/wp\/v2\/types\/post"}],"author":[{"embeddable":true,"href":"https:\/\/www.oparanews.com.br\/index.php\/wp-json\/wp\/v2\/users\/1"}],"replies":[{"embeddable":true,"href":"https:\/\/www.oparanews.com.br\/index.php\/wp-json\/wp\/v2\/comments?post=7791"}],"version-history":[{"count":0,"href":"https:\/\/www.oparanews.com.br\/index.php\/wp-json\/wp\/v2\/posts\/7791\/revisions"}],"wp:attachment":[{"href":"https:\/\/www.oparanews.com.br\/index.php\/wp-json\/wp\/v2\/media?parent=7791"}],"wp:term":[{"taxonomy":"category","embeddable":true,"href":"https:\/\/www.oparanews.com.br\/index.php\/wp-json\/wp\/v2\/categories?post=7791"},{"taxonomy":"post_tag","embeddable":true,"href":"https:\/\/www.oparanews.com.br\/index.php\/wp-json\/wp\/v2\/tags?post=7791"}],"curies":[{"name":"wp","href":"https:\/\/api.w.org\/{rel}","templated":true}]}}