{"id":7794,"date":"2020-07-07T00:48:28","date_gmt":"2020-07-07T00:48:28","guid":{"rendered":"https:\/\/oparanews.com.br\/?p=7794"},"modified":"2020-07-07T00:48:28","modified_gmt":"2020-07-07T00:48:28","slug":"bolsonaro-tem-sintomas-de-covid-e-cancela-agenda","status":"publish","type":"post","link":"https:\/\/www.oparanews.com.br\/index.php\/2020\/07\/07\/bolsonaro-tem-sintomas-de-covid-e-cancela-agenda\/","title":{"rendered":"Bolsonaro tem sintomas de covid e cancela agenda"},"content":{"rendered":"<p>Bolsonaro, que completou 65 anos em mar\u00e7o, disse que est\u00e1 com 38\u00b0C de febre e 96% de taxa de oxigena\u00e7\u00e3o no sangue, e contou que est\u00e1 tomando hidroxicloroquina. Por causa dos sintomas, a agenda do presidente para o restante da semana est\u00e1 cancelada.<\/p>\n<p>O presidente j\u00e1 fez um teste para Covid-19 no Hospital das For\u00e7as Armadas, em Bras\u00edlia. O resultado do exame deve sair por volta do meio-dia desta ter\u00e7a-feira (7).<\/p>\n<p>Bolsonaro tamb\u00e9m informou \u00e0 CNN que fez tamb\u00e9m uma resson\u00e2ncia magn\u00e9tica dos pulm\u00f5es. De acordo com o presidente, este exame n\u00e3o identificou problemas.<\/p>\n<p>Por volta das 18h de hoje (hor\u00e1rio de Bras\u00edlia), mantendo um h\u00e1bito praticamente di\u00e1rio, Bolsonaro se encontrou com apoiadores no jardim do Pal\u00e1cio da Alvorada, resid\u00eancia oficial do presidente. Ele estava usando m\u00e1scara.<\/p>\n<p>Em maio, Bolsonaro entregou ao STF (Supremo Tribunal Federal) documentos segundo os quais tr\u00eas testes para Covid-19 feitos em mar\u00e7o deram resultado negativo. O presidente entregou os exames depois de o jornal O Estado de S. Paulo ter entrado na Justi\u00e7a para obter os resultados.<\/p>\n<p>Mais cedo hoje, Bolsonaro ampliou os vetos ao projeto de lei que prev\u00ea o uso obrigat\u00f3rio de m\u00e1scaras de prote\u00e7\u00e3o facial. O presidente vetou o uso obrigat\u00f3rio de m\u00e1scaras em pris\u00f5es e estabelecimentos de cumprimento de medidas socioeducativas, assim como a necessidade de que estabelecimentos em funcionamento durante a pandemia precisem &#8220;afixar cartazes informativos sobre a forma de uso correto de m\u00e1scaras e o n\u00famero m\u00e1ximo de pessoas permitidas ao mesmo tempo dentro do estabelecimento&#8221;.<\/p>\n<p>Bolsonaro j\u00e1 chamou a Covid-19 de &#8220;gripezinha&#8221;. Em pronunciamento \u00e0 na\u00e7\u00e3o no fim de mar\u00e7o, o presidente disse que tinha &#8220;hist\u00f3rico de atleta&#8221; e, por isso, n\u00e3o precisaria se preocupar caso tivesse contra\u00eddo o novo coronav\u00edrus.<\/p>\n<p>O presidente tamb\u00e9m \u00e9 um defensor do uso da hidroxicloroquina no tratamento da Covid-19, apesar de ainda n\u00e3o haver comprova\u00e7\u00e3o cient\u00edfica da efic\u00e1cia do medicamento contra a doen\u00e7a provocada pelo novo coronav\u00edrus. Mesmo assim, em maio, o Minist\u00e9rio da Sa\u00fade passou a autorizar o uso do rem\u00e9dio para casos leves de Covid-19.<\/p>\n<p>No s\u00e1bado (4), a OMS (Organiza\u00e7\u00e3o Mundial da Sa\u00fade) anunciou a interrup\u00e7\u00e3o dos testes com hidroxicloroquina, alegando que o medicamento produziu &#8220;pouca ou nenhuma redu\u00e7\u00e3o na mortalidade de pacientes com Covid-19 hospitalizados quando comparados ao padr\u00e3o de atendimento&#8221;.<\/p>\n<p>Na sexta (3), veio a p\u00fablico um estudo americano que apresentou resultados positivos para o uso de hidroxicloroquina no tratamento de pacientes com Covid-19. O m\u00e9todo da pesquisa, no entanto, foi alvo de cr\u00edticas nos Estados Unidos.<\/p>\n<p>Nesta segunda, o Brasil ultrapassou o total de 65 mil pessoas mortas pela Covid-19, segundo balan\u00e7o divulgado pelo Minist\u00e9rio da Sa\u00fade. O n\u00famero de casos confirmados no pa\u00eds chegou a 1.623.284. O governo estima que 927.292 pessoas j\u00e1 tenham se recuperado da doen\u00e7a.<\/p>\n<p>&nbsp;<\/p>\n<p><strong>Fonte: CNN<\/strong><\/p>\n<p>&nbsp;<\/p>\n","protected":false},"excerpt":{"rendered":"<p>Bolsonaro, que completou 65 anos em mar\u00e7o, disse que est\u00e1 com 38\u00b0C de febre e 96% de taxa de oxigena\u00e7\u00e3o no sangue, e contou que est\u00e1 tomando hidroxicloroquina. Por causa dos sintomas, a agenda do presidente para o restante da semana est\u00e1 cancelada. O presidente j\u00e1 fez um teste para Covid-19 no Hospital das For\u00e7as &hellip;<\/p>\n","protected":false},"author":1,"featured_media":7795,"comment_status":"open","ping_status":"open","sticky":false,"template":"","format":"standard","meta":{"_jetpack_newsletter_access":"","_jetpack_dont_email_post_to_subs":false,"_jetpack_newsletter_tier_id":0,"_jetpack_memberships_contains_paywalled_content":false,"_jetpack_memberships_contains_paid_content":false,"footnotes":""},"categories":[1],"tags":[],"class_list":["post-7794","post","type-post","status-publish","format-standard","has-post-thumbnail","hentry","category-destaque"],"jetpack_sharing_enabled":true,"jetpack_featured_media_url":"","_links":{"self":[{"href":"https:\/\/www.oparanews.com.br\/index.php\/wp-json\/wp\/v2\/posts\/7794","targetHints":{"allow":["GET"]}}],"collection":[{"href":"https:\/\/www.oparanews.com.br\/index.php\/wp-json\/wp\/v2\/posts"}],"about":[{"href":"https:\/\/www.oparanews.com.br\/index.php\/wp-json\/wp\/v2\/types\/post"}],"author":[{"embeddable":true,"href":"https:\/\/www.oparanews.com.br\/index.php\/wp-json\/wp\/v2\/users\/1"}],"replies":[{"embeddable":true,"href":"https:\/\/www.oparanews.com.br\/index.php\/wp-json\/wp\/v2\/comments?post=7794"}],"version-history":[{"count":0,"href":"https:\/\/www.oparanews.com.br\/index.php\/wp-json\/wp\/v2\/posts\/7794\/revisions"}],"wp:attachment":[{"href":"https:\/\/www.oparanews.com.br\/index.php\/wp-json\/wp\/v2\/media?parent=7794"}],"wp:term":[{"taxonomy":"category","embeddable":true,"href":"https:\/\/www.oparanews.com.br\/index.php\/wp-json\/wp\/v2\/categories?post=7794"},{"taxonomy":"post_tag","embeddable":true,"href":"https:\/\/www.oparanews.com.br\/index.php\/wp-json\/wp\/v2\/tags?post=7794"}],"curies":[{"name":"wp","href":"https:\/\/api.w.org\/{rel}","templated":true}]}}