{"id":7797,"date":"2020-07-07T00:56:12","date_gmt":"2020-07-07T00:56:12","guid":{"rendered":"https:\/\/oparanews.com.br\/?p=7797"},"modified":"2020-07-07T00:56:12","modified_gmt":"2020-07-07T00:56:12","slug":"governo-decide-liberar-parcialmente-o-transporte-intermunicipal","status":"publish","type":"post","link":"https:\/\/www.oparanews.com.br\/index.php\/2020\/07\/07\/governo-decide-liberar-parcialmente-o-transporte-intermunicipal\/","title":{"rendered":"Governo decide liberar parcialmente o transporte intermunicipal"},"content":{"rendered":"<p>Ap\u00f3s cobran\u00e7as de trabalhadores do transporte intermunicipal, o governo de Alagoas decidiu, em reuni\u00e3o nesta segunda-feira (6), liberar parte da frota a partir do pr\u00f3ximo decreto emergencial, que tem previs\u00e3o para entrar em vigor no dia 20 de julho. O encontro foi mediado pelo Minist\u00e9rio P\u00fablico Federal em Alagoas (MPF\/AL).<\/p>\n<p>A classe, que j\u00e1 vem solicitando a ajuda do governo desde o m\u00eas de mar\u00e7o, quando come\u00e7ou a valer o primeiro decreto no Estado. Desde ent\u00e3o, cerca de 1.300 profissionais est\u00e3o impedidos de atuar devido \u00e0 pandemia do novo coronav\u00edrus (Covid-19).<\/p>\n<p>Segundo o presidente do Sindicato dos Trabalhadores de Transportes Complementares de Alagoas (Sintracomp\/AL), Ma\u00e9rcio Ferreira, a negocia\u00e7\u00e3o foi longa, mas o governador Renan Filho se comprometeu a tentar viabilizar todos os 14 itens apresentados pela classe.<\/p>\n<p>Uma das medidas discutidas \u00e9 a libera\u00e7\u00e3o de linha de cr\u00e9dito com bonifica\u00e7\u00e3o para os trabalhadores, que dever\u00e3o acess\u00e1-la com menos burocracia.<\/p>\n<p>Ainda de acordo com Ma\u00e9rcio Ferreira, o governador afirmou que pretende avan\u00e7ar com a reabertura econ\u00f4mica, seguindo as fases do Distanciamento Social Controlado, que iniciou com a fase laranja.<\/p>\n<p>&nbsp;<\/p>\n<p><strong>Fonte: Gazetaweb<\/strong><\/p>\n<p>&nbsp;<\/p>\n","protected":false},"excerpt":{"rendered":"<p>Ap\u00f3s cobran\u00e7as de trabalhadores do transporte intermunicipal, o governo de Alagoas decidiu, em reuni\u00e3o nesta segunda-feira (6), liberar parte da frota a partir do pr\u00f3ximo decreto emergencial, que tem previs\u00e3o para entrar em vigor no dia 20 de julho. O encontro foi mediado pelo Minist\u00e9rio P\u00fablico Federal em Alagoas (MPF\/AL). A classe, que j\u00e1 vem &hellip;<\/p>\n","protected":false},"author":1,"featured_media":7798,"comment_status":"open","ping_status":"open","sticky":false,"template":"","format":"standard","meta":{"_jetpack_newsletter_access":"","_jetpack_dont_email_post_to_subs":false,"_jetpack_newsletter_tier_id":0,"_jetpack_memberships_contains_paywalled_content":false,"_jetpack_memberships_contains_paid_content":false,"footnotes":""},"categories":[1],"tags":[],"class_list":["post-7797","post","type-post","status-publish","format-standard","has-post-thumbnail","hentry","category-destaque"],"jetpack_sharing_enabled":true,"jetpack_featured_media_url":"","_links":{"self":[{"href":"https:\/\/www.oparanews.com.br\/index.php\/wp-json\/wp\/v2\/posts\/7797","targetHints":{"allow":["GET"]}}],"collection":[{"href":"https:\/\/www.oparanews.com.br\/index.php\/wp-json\/wp\/v2\/posts"}],"about":[{"href":"https:\/\/www.oparanews.com.br\/index.php\/wp-json\/wp\/v2\/types\/post"}],"author":[{"embeddable":true,"href":"https:\/\/www.oparanews.com.br\/index.php\/wp-json\/wp\/v2\/users\/1"}],"replies":[{"embeddable":true,"href":"https:\/\/www.oparanews.com.br\/index.php\/wp-json\/wp\/v2\/comments?post=7797"}],"version-history":[{"count":0,"href":"https:\/\/www.oparanews.com.br\/index.php\/wp-json\/wp\/v2\/posts\/7797\/revisions"}],"wp:attachment":[{"href":"https:\/\/www.oparanews.com.br\/index.php\/wp-json\/wp\/v2\/media?parent=7797"}],"wp:term":[{"taxonomy":"category","embeddable":true,"href":"https:\/\/www.oparanews.com.br\/index.php\/wp-json\/wp\/v2\/categories?post=7797"},{"taxonomy":"post_tag","embeddable":true,"href":"https:\/\/www.oparanews.com.br\/index.php\/wp-json\/wp\/v2\/tags?post=7797"}],"curies":[{"name":"wp","href":"https:\/\/api.w.org\/{rel}","templated":true}]}}