{"id":7800,"date":"2020-07-07T00:58:30","date_gmt":"2020-07-07T00:58:30","guid":{"rendered":"https:\/\/oparanews.com.br\/?p=7800"},"modified":"2020-07-07T00:58:30","modified_gmt":"2020-07-07T00:58:30","slug":"conselho-tutelar-de-penedo-destaca-30-anos-do-eca-com-debates-pela-internet","status":"publish","type":"post","link":"https:\/\/www.oparanews.com.br\/index.php\/2020\/07\/07\/conselho-tutelar-de-penedo-destaca-30-anos-do-eca-com-debates-pela-internet\/","title":{"rendered":"Conselho Tutelar de Penedo destaca 30 anos do ECA com debates pela Internet"},"content":{"rendered":"<p>Estatuto da Crian\u00e7a e do Adolescente, rede institucional de prote\u00e7\u00e3o, direitos e deveres do Conselho, da fam\u00edlia, da sociedade e outros temas relacionados ao documento que orienta todas as a\u00e7\u00f5es relacionadas com menores de idade no Brasil ser\u00e3o discutido durante lives<\/p>\n<p>O Estatuto da Crian\u00e7a e do Adolescente (ECA) completa 30 anos de cria\u00e7\u00e3o neste m\u00eas de julho. Em comemora\u00e7\u00e3o ao marco legal fundamentado nos direitos universais de qualquer menino ou menina, o Conselho Tutelar dos Direitos da Crian\u00e7a e do Adolescentes de Penedo promove debates com especialistas no tema.<\/p>\n<p>Como estamos vivendo a pandemia do novo coronav\u00edrus, a programa\u00e7\u00e3o ser\u00e1 desenvolvida de modo virtual, por meio de transmiss\u00f5es ao vivo. E como o Conselho Tutelar n\u00e3o tem p\u00e1gina nas redes sociais, todas as lives ocorrer\u00e3o no perfil do conselheiro e do convidado.<\/p>\n<p><strong>Programa\u00e7\u00e3o<\/strong><\/p>\n<p>O primeiro debate sobre os 30 anos do ECA ocorre na pr\u00f3xima quinta-feira, 09 de julho, a partir das 17 horas, reunindo o conselheiro Alysson Dantas (@alysson_dantass) e a especialista Maduca Lopes, consultora dos Direitos Humanos de Crian\u00e7as e Adolescentes.<\/p>\n<p><a href=\"https:\/\/oparanews.com.br\/wp-content\/uploads\/2020\/07\/Sem-t\u00edtulo-50.jpg\"><img loading=\"lazy\" decoding=\"async\" class=\"alignleft size-medium wp-image-7802\" src=\"https:\/\/oparanews.com.br\/wp-content\/uploads\/2020\/07\/Sem-t\u00edtulo-50-262x300.jpg\" alt=\"\" width=\"262\" height=\"300\" \/><\/a>Na segunda-feira, 13, \u00e9 a vez do conselheiro e presidente Lucimar da Purifica\u00e7\u00e3o (@lucimar.angelo30) conversar, a partir das 17 horas, com o psic\u00f3logo Vin\u00edcius Barbosa (@viniciusbpsico), gestor da Secretaria Municipal do Desenvolvimento Social e Habita\u00e7\u00e3o da Prefeitura de Penedo.<\/p>\n<p>Luciene Caetano \u2013 mais conhecida como Neide do Conselho (@neidedoconselho) \u2013 leva seu conhecimento para o debate com Luiz In\u00e1cio J\u00fanior, educador e militante em Direitos Humanos. O bate-papo entre especialistas com vasta experi\u00eancia na defesa de crian\u00e7as e adolescentes acontece na quinta-feira, 16, a partir das 17 horas.<\/p>\n<p>A conselheira Kerrley Messias (@kerrleymessias) conversar\u00e1 com a ex-defensora p\u00fablica do estado do Amazonas e atual promotora de justi\u00e7a do MPE\/AL, Jheise de F\u00e1tima Lima, na tarde da quinta-feira, 23, tamb\u00e9m a partir das 17 horas.<\/p>\n<p>A programa\u00e7\u00e3o relativa aos 30 anos do ECA ser\u00e1 conclu\u00edda em 30 de julho, com a live da conselheira Marise de Souza (@marise.souzalima). Ela e o juiz de Direito Anderson Passos \u2013 professor, mestre e doutorando \u2013 debatem o tema a partir das 17 horas.<\/p>\n<p>&nbsp;<\/p>\n<p><strong>por Fernando Vin\u00edcius \u2013 Decom PMP<\/strong><\/p>\n<p>&nbsp;<\/p>\n","protected":false},"excerpt":{"rendered":"<p>Estatuto da Crian\u00e7a e do Adolescente, rede institucional de prote\u00e7\u00e3o, direitos e deveres do Conselho, da fam\u00edlia, da sociedade e outros temas relacionados ao documento que orienta todas as a\u00e7\u00f5es relacionadas com menores de idade no Brasil ser\u00e3o discutido durante lives O Estatuto da Crian\u00e7a e do Adolescente (ECA) completa 30 anos de cria\u00e7\u00e3o neste &hellip;<\/p>\n","protected":false},"author":1,"featured_media":7801,"comment_status":"open","ping_status":"open","sticky":false,"template":"","format":"standard","meta":{"_jetpack_newsletter_access":"","_jetpack_dont_email_post_to_subs":false,"_jetpack_newsletter_tier_id":0,"_jetpack_memberships_contains_paywalled_content":false,"_jetpack_memberships_contains_paid_content":false,"footnotes":""},"categories":[1],"tags":[],"class_list":["post-7800","post","type-post","status-publish","format-standard","has-post-thumbnail","hentry","category-destaque"],"jetpack_sharing_enabled":true,"jetpack_featured_media_url":"","_links":{"self":[{"href":"https:\/\/www.oparanews.com.br\/index.php\/wp-json\/wp\/v2\/posts\/7800","targetHints":{"allow":["GET"]}}],"collection":[{"href":"https:\/\/www.oparanews.com.br\/index.php\/wp-json\/wp\/v2\/posts"}],"about":[{"href":"https:\/\/www.oparanews.com.br\/index.php\/wp-json\/wp\/v2\/types\/post"}],"author":[{"embeddable":true,"href":"https:\/\/www.oparanews.com.br\/index.php\/wp-json\/wp\/v2\/users\/1"}],"replies":[{"embeddable":true,"href":"https:\/\/www.oparanews.com.br\/index.php\/wp-json\/wp\/v2\/comments?post=7800"}],"version-history":[{"count":0,"href":"https:\/\/www.oparanews.com.br\/index.php\/wp-json\/wp\/v2\/posts\/7800\/revisions"}],"wp:attachment":[{"href":"https:\/\/www.oparanews.com.br\/index.php\/wp-json\/wp\/v2\/media?parent=7800"}],"wp:term":[{"taxonomy":"category","embeddable":true,"href":"https:\/\/www.oparanews.com.br\/index.php\/wp-json\/wp\/v2\/categories?post=7800"},{"taxonomy":"post_tag","embeddable":true,"href":"https:\/\/www.oparanews.com.br\/index.php\/wp-json\/wp\/v2\/tags?post=7800"}],"curies":[{"name":"wp","href":"https:\/\/api.w.org\/{rel}","templated":true}]}}