{"id":7810,"date":"2020-07-07T13:52:34","date_gmt":"2020-07-07T13:52:34","guid":{"rendered":"https:\/\/oparanews.com.br\/?p=7810"},"modified":"2020-07-07T13:52:34","modified_gmt":"2020-07-07T13:52:34","slug":"hospital-regional-do-norte-em-al-vai-atender-casos-exclusivos-de-covid-19","status":"publish","type":"post","link":"https:\/\/www.oparanews.com.br\/index.php\/2020\/07\/07\/hospital-regional-do-norte-em-al-vai-atender-casos-exclusivos-de-covid-19\/","title":{"rendered":"Hospital Regional do Norte em AL vai atender casos exclusivos de Covid-19"},"content":{"rendered":"<p>O Hospital Regional do Norte, localizado em Porto Calvo, come\u00e7ou a funcionar nesta ter\u00e7a-feira (7) e tem 60 leitos exclusivos para tratamento da Covid-19.<\/p>\n<p>A entrega do hospital estava prevista para o m\u00eas de agosto, mas devido a situa\u00e7\u00e3o da pandemia precisou ser antecipada. Segundo o secret\u00e1rio da sa\u00fade de Alagoas, Alexandre Ayres, a unidade hospitalar vai gerar mais de 500 empregos.<\/p>\n<p>&#8220;Fizemos um chamamento p\u00fablico, que j\u00e1 est\u00e1 divulgado no site da Secretaria de Sa\u00fade, para contratar, inicialmente, enfermeiros e t\u00e9cnicos de enfermagem. Contratamos emergencialmente outros profissionais para as demais categorias para que a gente antecipasse essa reabertura. Ser\u00e3o 500 profissionais que v\u00e3o estar na linha de frente do combate \u00e0 Covid-19&#8221;, disse Ayres.<\/p>\n<p>Edital de chamamento p\u00fablico emergencial da Secretaria de Estado da Sa\u00fade (Sesau), para a contrata\u00e7\u00e3o tempor\u00e1ria de profissionais da sa\u00fade que dever\u00e3o atuar no Hospital Regional do Norte foi lan\u00e7ado no dia 26 de junho.<\/p>\n<p>O equipamento tem capacidade para 123 leitos. Entretanto, neste primeiro momento, ser\u00e3o abertos 60 leitos, sendo 50 cl\u00ednicos e 10 de UTI (Unidade de Terapia Intensiva), todos destinados exclusivamente aos casos de Covid-19.<\/p>\n<p>Al\u00e9m de Porto Calvo, ser\u00e3o beneficiados os moradores dos munic\u00edpios de Jacu\u00edpe, Japaratinga, Maragogi, Matriz de Camaragibe, Passo de Camaragibe, Porto de Pedras, S\u00e3o Luiz do Quitunde e S\u00e3o Miguel dos Milagres, uma popula\u00e7\u00e3o estimada em 166.048 habitantes.<\/p>\n<p>Com o hospital, uma Unidade de Suporte Avan\u00e7ado (USA) tamb\u00e9m foi entregue pelo governo. A UTI M\u00f3vel ficar\u00e1 \u00e0 disposi\u00e7\u00e3o da Base Descentralizada Servi\u00e7o de Atendimento M\u00f3vel de Urg\u00eancia (Samu) de Porto Calvo.<\/p>\n<p>Ainda segundo o governador, quando estiver em pleno funcionamento, a unidade hospitalar funcionar\u00e1 com atendimentos de urg\u00eancia necessidade e demais procedimentos, sem que os pacientes precisem ser transferidos \u00e0 Macei\u00f3, sobrecarregando o sistema hospitalar da capital.<\/p>\n<p>&nbsp;<\/p>\n<p><strong>Fonte: G1\/AL<\/strong><\/p>\n<p>&nbsp;<\/p>\n","protected":false},"excerpt":{"rendered":"<p>O Hospital Regional do Norte, localizado em Porto Calvo, come\u00e7ou a funcionar nesta ter\u00e7a-feira (7) e tem 60 leitos exclusivos para tratamento da Covid-19. A entrega do hospital estava prevista para o m\u00eas de agosto, mas devido a situa\u00e7\u00e3o da pandemia precisou ser antecipada. Segundo o secret\u00e1rio da sa\u00fade de Alagoas, Alexandre Ayres, a unidade &hellip;<\/p>\n","protected":false},"author":1,"featured_media":7811,"comment_status":"open","ping_status":"open","sticky":false,"template":"","format":"standard","meta":{"_jetpack_newsletter_access":"","_jetpack_dont_email_post_to_subs":false,"_jetpack_newsletter_tier_id":0,"_jetpack_memberships_contains_paywalled_content":false,"_jetpack_memberships_contains_paid_content":false,"footnotes":""},"categories":[1],"tags":[],"class_list":["post-7810","post","type-post","status-publish","format-standard","has-post-thumbnail","hentry","category-destaque"],"jetpack_sharing_enabled":true,"jetpack_featured_media_url":"","_links":{"self":[{"href":"https:\/\/www.oparanews.com.br\/index.php\/wp-json\/wp\/v2\/posts\/7810","targetHints":{"allow":["GET"]}}],"collection":[{"href":"https:\/\/www.oparanews.com.br\/index.php\/wp-json\/wp\/v2\/posts"}],"about":[{"href":"https:\/\/www.oparanews.com.br\/index.php\/wp-json\/wp\/v2\/types\/post"}],"author":[{"embeddable":true,"href":"https:\/\/www.oparanews.com.br\/index.php\/wp-json\/wp\/v2\/users\/1"}],"replies":[{"embeddable":true,"href":"https:\/\/www.oparanews.com.br\/index.php\/wp-json\/wp\/v2\/comments?post=7810"}],"version-history":[{"count":0,"href":"https:\/\/www.oparanews.com.br\/index.php\/wp-json\/wp\/v2\/posts\/7810\/revisions"}],"wp:attachment":[{"href":"https:\/\/www.oparanews.com.br\/index.php\/wp-json\/wp\/v2\/media?parent=7810"}],"wp:term":[{"taxonomy":"category","embeddable":true,"href":"https:\/\/www.oparanews.com.br\/index.php\/wp-json\/wp\/v2\/categories?post=7810"},{"taxonomy":"post_tag","embeddable":true,"href":"https:\/\/www.oparanews.com.br\/index.php\/wp-json\/wp\/v2\/tags?post=7810"}],"curies":[{"name":"wp","href":"https:\/\/api.w.org\/{rel}","templated":true}]}}