{"id":7816,"date":"2020-07-07T14:03:21","date_gmt":"2020-07-07T14:03:21","guid":{"rendered":"https:\/\/oparanews.com.br\/?p=7816"},"modified":"2020-07-07T14:03:21","modified_gmt":"2020-07-07T14:03:21","slug":"campeonato-catarinense-sera-retomado-nesta-quarta-08","status":"publish","type":"post","link":"https:\/\/www.oparanews.com.br\/index.php\/2020\/07\/07\/campeonato-catarinense-sera-retomado-nesta-quarta-08\/","title":{"rendered":"Campeonato Catarinense ser\u00e1 retomado nesta quarta, 08"},"content":{"rendered":"<p>O Campeonato Catarinense ser\u00e1 retomado nesta quarta-feira, agora com a confirma\u00e7\u00e3o da Secretaria de Sa\u00fade do Estado ap\u00f3s a assinatura, feita pelo secret\u00e1rio Andr\u00e9 Motta Ribeiro, da portaria n\u00ba 466, que regulamenta as competi\u00e7\u00f5es de futebol profissional em Santa Catarina.<\/p>\n<p>Junto com a libera\u00e7\u00e3o h\u00e1 uma s\u00e9rie de protocolos a serem respeitados pelos clubes nesta retomada do futebol no Estado. O secret\u00e1rio de Sa\u00fade ainda salientou que tudo j\u00e1 vinha sendo debatido com os m\u00e9dicos das agremia\u00e7\u00f5es participantes do torneio h\u00e1 semanas.<\/p>\n<p>Entre os protocolos est\u00e3o a proibi\u00e7\u00e3o de torcedores no est\u00e1dio, a diminui\u00e7\u00e3o de funcion\u00e1rios por parte dos clubes em dias de jogos, todos ser\u00e3o obrigados \u00e0 avalia\u00e7\u00e3o antes de cada treino ou partida, al\u00e9m da proibi\u00e7\u00e3o de jornalistas, que n\u00e3o sejam cinegrafistas das emissoras detentoras das transmiss\u00e3o, nos gramados e qualquer tipo de aglomera\u00e7\u00e3o.<\/p>\n<p>O Campeonato Catarinense volta nesta quarta-feira, na rodada de ida das quartas de final, com os jogos Crici\u00fama x Marc\u00edlio Dias, no est\u00e1dio Heriberto H\u00fclse, em Crici\u00fama (SC), e Chapecoense x Ava\u00ed, na Arena Cond\u00e1, em Chapec\u00f3 (SC). Na quinta, o Juventus enfrenta o Figueirense, no est\u00e1dio Jo\u00e3o Marcatto, em Jaragu\u00e1 do Sul (SC), e o Joinville recebe o Brusque, na Arena Joinville.<\/p>\n<p>O Estado de Santa Catarina alcan\u00e7ou o n\u00famero de 33.822 infectados com o novo coronav\u00edrus e 406 mortes nesta segunda-feira. O Brasil j\u00e1 soma mais de 1,6 milh\u00e3o de casos, com mais de 65 mil fatalidades.<\/p>\n<p>&nbsp;<\/p>\n<p><strong>Fonte: Terra<\/strong><\/p>\n<p>&nbsp;<\/p>\n","protected":false},"excerpt":{"rendered":"<p>O Campeonato Catarinense ser\u00e1 retomado nesta quarta-feira, agora com a confirma\u00e7\u00e3o da Secretaria de Sa\u00fade do Estado ap\u00f3s a assinatura, feita pelo secret\u00e1rio Andr\u00e9 Motta Ribeiro, da portaria n\u00ba 466, que regulamenta as competi\u00e7\u00f5es de futebol profissional em Santa Catarina. Junto com a libera\u00e7\u00e3o h\u00e1 uma s\u00e9rie de protocolos a serem respeitados pelos clubes nesta &hellip;<\/p>\n","protected":false},"author":1,"featured_media":7817,"comment_status":"open","ping_status":"open","sticky":false,"template":"","format":"standard","meta":{"_jetpack_newsletter_access":"","_jetpack_dont_email_post_to_subs":false,"_jetpack_newsletter_tier_id":0,"_jetpack_memberships_contains_paywalled_content":false,"_jetpack_memberships_contains_paid_content":false,"footnotes":""},"categories":[1],"tags":[],"class_list":["post-7816","post","type-post","status-publish","format-standard","has-post-thumbnail","hentry","category-destaque"],"jetpack_sharing_enabled":true,"jetpack_featured_media_url":"","_links":{"self":[{"href":"https:\/\/www.oparanews.com.br\/index.php\/wp-json\/wp\/v2\/posts\/7816","targetHints":{"allow":["GET"]}}],"collection":[{"href":"https:\/\/www.oparanews.com.br\/index.php\/wp-json\/wp\/v2\/posts"}],"about":[{"href":"https:\/\/www.oparanews.com.br\/index.php\/wp-json\/wp\/v2\/types\/post"}],"author":[{"embeddable":true,"href":"https:\/\/www.oparanews.com.br\/index.php\/wp-json\/wp\/v2\/users\/1"}],"replies":[{"embeddable":true,"href":"https:\/\/www.oparanews.com.br\/index.php\/wp-json\/wp\/v2\/comments?post=7816"}],"version-history":[{"count":0,"href":"https:\/\/www.oparanews.com.br\/index.php\/wp-json\/wp\/v2\/posts\/7816\/revisions"}],"wp:attachment":[{"href":"https:\/\/www.oparanews.com.br\/index.php\/wp-json\/wp\/v2\/media?parent=7816"}],"wp:term":[{"taxonomy":"category","embeddable":true,"href":"https:\/\/www.oparanews.com.br\/index.php\/wp-json\/wp\/v2\/categories?post=7816"},{"taxonomy":"post_tag","embeddable":true,"href":"https:\/\/www.oparanews.com.br\/index.php\/wp-json\/wp\/v2\/tags?post=7816"}],"curies":[{"name":"wp","href":"https:\/\/api.w.org\/{rel}","templated":true}]}}