{"id":7819,"date":"2020-07-08T00:26:09","date_gmt":"2020-07-08T00:26:09","guid":{"rendered":"https:\/\/oparanews.com.br\/?p=7819"},"modified":"2020-07-08T00:26:09","modified_gmt":"2020-07-08T00:26:09","slug":"penedo-registra-489-casos-de-covid-19","status":"publish","type":"post","link":"https:\/\/www.oparanews.com.br\/index.php\/2020\/07\/08\/penedo-registra-489-casos-de-covid-19\/","title":{"rendered":"Penedo registra 489 casos de Covid-19"},"content":{"rendered":"<p>A Secretaria Municipal de Sa\u00fade da Prefeitura de Penedo divulgou nessa ter\u00e7a-feira (7), um novo boletim epidemiol\u00f3gico que trata dos n\u00fameros referentes a pandemia de Covid-19 no munic\u00edpio.<\/p>\n<p>De acordo com os novos dados, 489 pessoas est\u00e3o com Covid-19 em Penedo, uma alta de 36 casos desde os n\u00fameros anteriores, informados no \u00faltimo domingo (5).<\/p>\n<p>Al\u00e9m disso, 625 pessoas est\u00e3o sendo monitoradas em Penedo em virtude da incid\u00eancia da doen\u00e7a, 542 casos foram descartados, 4 s\u00e3o suspeitos e 07 pessoas vieram a \u00f3bito, o aumento de mais uma morte devido ao Covid-19, desde os dados anteriores.<\/p>\n<p>A boa not\u00edcia fica por conta dos n\u00fameros de recuperados em Penedo, que agora somam 300 pessoas, essas n\u00e3o apresentam mais sintomas da doen\u00e7a e por isso s\u00e3o consideradas curadas.<\/p>\n<p><strong>Localidades<\/strong><\/p>\n<p>O logradouro com maior n\u00famero de casos permanece sendo o Bairro Dom Constantino, que integra diversas localidades na parte alta de Penedo, com 129 casos, seguido pelo Bairro de Santa Luzia com 98 e o Centro do Munic\u00edpio com 74.<\/p>\n<p>Na zona rural, o povoado com maior n\u00famero de casos \u00e9 a Palmeira Alta com 24, seguido pelo povoado Tabuleiro dos Negros, que teve novo aumento e agora soma 15 ocorr\u00eancias.<\/p>\n<p>&nbsp;<\/p>\n<p><strong>por Thiago Sobral &#8211; Decom (PMP)<\/strong><\/p>\n<p>&nbsp;<\/p>\n","protected":false},"excerpt":{"rendered":"<p>A Secretaria Municipal de Sa\u00fade da Prefeitura de Penedo divulgou nessa ter\u00e7a-feira (7), um novo boletim epidemiol\u00f3gico que trata dos n\u00fameros referentes a pandemia de Covid-19 no munic\u00edpio. De acordo com os novos dados, 489 pessoas est\u00e3o com Covid-19 em Penedo, uma alta de 36 casos desde os n\u00fameros anteriores, informados no \u00faltimo domingo (5). &hellip;<\/p>\n","protected":false},"author":1,"featured_media":5363,"comment_status":"open","ping_status":"open","sticky":false,"template":"","format":"standard","meta":{"_jetpack_newsletter_access":"","_jetpack_dont_email_post_to_subs":false,"_jetpack_newsletter_tier_id":0,"_jetpack_memberships_contains_paywalled_content":false,"_jetpack_memberships_contains_paid_content":false,"footnotes":""},"categories":[1],"tags":[],"class_list":["post-7819","post","type-post","status-publish","format-standard","has-post-thumbnail","hentry","category-destaque"],"jetpack_sharing_enabled":true,"jetpack_featured_media_url":"","_links":{"self":[{"href":"https:\/\/www.oparanews.com.br\/index.php\/wp-json\/wp\/v2\/posts\/7819","targetHints":{"allow":["GET"]}}],"collection":[{"href":"https:\/\/www.oparanews.com.br\/index.php\/wp-json\/wp\/v2\/posts"}],"about":[{"href":"https:\/\/www.oparanews.com.br\/index.php\/wp-json\/wp\/v2\/types\/post"}],"author":[{"embeddable":true,"href":"https:\/\/www.oparanews.com.br\/index.php\/wp-json\/wp\/v2\/users\/1"}],"replies":[{"embeddable":true,"href":"https:\/\/www.oparanews.com.br\/index.php\/wp-json\/wp\/v2\/comments?post=7819"}],"version-history":[{"count":0,"href":"https:\/\/www.oparanews.com.br\/index.php\/wp-json\/wp\/v2\/posts\/7819\/revisions"}],"wp:attachment":[{"href":"https:\/\/www.oparanews.com.br\/index.php\/wp-json\/wp\/v2\/media?parent=7819"}],"wp:term":[{"taxonomy":"category","embeddable":true,"href":"https:\/\/www.oparanews.com.br\/index.php\/wp-json\/wp\/v2\/categories?post=7819"},{"taxonomy":"post_tag","embeddable":true,"href":"https:\/\/www.oparanews.com.br\/index.php\/wp-json\/wp\/v2\/tags?post=7819"}],"curies":[{"name":"wp","href":"https:\/\/api.w.org\/{rel}","templated":true}]}}