{"id":7827,"date":"2020-07-08T00:50:33","date_gmt":"2020-07-08T00:50:33","guid":{"rendered":"https:\/\/oparanews.com.br\/?p=7827"},"modified":"2020-07-08T00:50:33","modified_gmt":"2020-07-08T00:50:33","slug":"oms-admite-possibilidade-de-transmissao-aerea-do-coronavirus","status":"publish","type":"post","link":"https:\/\/www.oparanews.com.br\/index.php\/2020\/07\/08\/oms-admite-possibilidade-de-transmissao-aerea-do-coronavirus\/","title":{"rendered":"OMS admite possibilidade de transmiss\u00e3o a\u00e9rea do coronav\u00edrus"},"content":{"rendered":"<p>A Organiza\u00e7\u00e3o Mundial da Sa\u00fade (OMS) reconheceu, nesta ter\u00e7a-feira, 7, que est\u00e3o surgindo &#8220;evid\u00eancias&#8221; sobre a possibilidade de transmiss\u00e3o do novo coronav\u00edrus pelo ar. A entidade ressaltou que trabalha em conjunto com v\u00e1rios cientistas que assinaram uma carta aberta para alertar sobre esse modo de dissemina\u00e7\u00e3o da covid-19.<\/p>\n<p>L\u00edder t\u00e9cnica da OMS no controle de infec\u00e7\u00f5es, Benedetta Allegranzi esclareceu que o \u00f3rg\u00e3o busca informa\u00e7\u00f5es mais concretas para emitir diretrizes atualizadas sobre o assunto.<\/p>\n<p>&#8220;Temos que ser abertos a essa evid\u00eancia e entender, ao mesmo tempo, suas implica\u00e7\u00f5es nas formas de transmiss\u00e3o e nas precau\u00e7\u00f5es que devem ser adotadas. Est\u00e3o surgindo evid\u00eancias, mas elas n\u00e3o s\u00e3o definitivas. A possibilidade de transmiss\u00e3o a\u00e9rea em espa\u00e7os p\u00fablicos, principalmente em ambientes com ventila\u00e7\u00e3o inadequada e grandes aglomera\u00e7\u00f5es, n\u00e3o pode ser descartada&#8221;, admitiu Allegranzi.<\/p>\n<p>&nbsp;<\/p>\n<p><strong>Fonte: Terra<\/strong><\/p>\n<p>&nbsp;<\/p>\n","protected":false},"excerpt":{"rendered":"<p>A Organiza\u00e7\u00e3o Mundial da Sa\u00fade (OMS) reconheceu, nesta ter\u00e7a-feira, 7, que est\u00e3o surgindo &#8220;evid\u00eancias&#8221; sobre a possibilidade de transmiss\u00e3o do novo coronav\u00edrus pelo ar. A entidade ressaltou que trabalha em conjunto com v\u00e1rios cientistas que assinaram uma carta aberta para alertar sobre esse modo de dissemina\u00e7\u00e3o da covid-19. L\u00edder t\u00e9cnica da OMS no controle de &hellip;<\/p>\n","protected":false},"author":1,"featured_media":7828,"comment_status":"open","ping_status":"open","sticky":false,"template":"","format":"standard","meta":{"_jetpack_newsletter_access":"","_jetpack_dont_email_post_to_subs":false,"_jetpack_newsletter_tier_id":0,"_jetpack_memberships_contains_paywalled_content":false,"_jetpack_memberships_contains_paid_content":false,"footnotes":""},"categories":[1],"tags":[],"class_list":["post-7827","post","type-post","status-publish","format-standard","has-post-thumbnail","hentry","category-destaque"],"jetpack_sharing_enabled":true,"jetpack_featured_media_url":"","_links":{"self":[{"href":"https:\/\/www.oparanews.com.br\/index.php\/wp-json\/wp\/v2\/posts\/7827","targetHints":{"allow":["GET"]}}],"collection":[{"href":"https:\/\/www.oparanews.com.br\/index.php\/wp-json\/wp\/v2\/posts"}],"about":[{"href":"https:\/\/www.oparanews.com.br\/index.php\/wp-json\/wp\/v2\/types\/post"}],"author":[{"embeddable":true,"href":"https:\/\/www.oparanews.com.br\/index.php\/wp-json\/wp\/v2\/users\/1"}],"replies":[{"embeddable":true,"href":"https:\/\/www.oparanews.com.br\/index.php\/wp-json\/wp\/v2\/comments?post=7827"}],"version-history":[{"count":0,"href":"https:\/\/www.oparanews.com.br\/index.php\/wp-json\/wp\/v2\/posts\/7827\/revisions"}],"wp:attachment":[{"href":"https:\/\/www.oparanews.com.br\/index.php\/wp-json\/wp\/v2\/media?parent=7827"}],"wp:term":[{"taxonomy":"category","embeddable":true,"href":"https:\/\/www.oparanews.com.br\/index.php\/wp-json\/wp\/v2\/categories?post=7827"},{"taxonomy":"post_tag","embeddable":true,"href":"https:\/\/www.oparanews.com.br\/index.php\/wp-json\/wp\/v2\/tags?post=7827"}],"curies":[{"name":"wp","href":"https:\/\/api.w.org\/{rel}","templated":true}]}}