{"id":7830,"date":"2020-07-08T00:54:48","date_gmt":"2020-07-08T00:54:48","guid":{"rendered":"https:\/\/oparanews.com.br\/?p=7830"},"modified":"2020-07-08T00:54:48","modified_gmt":"2020-07-08T00:54:48","slug":"ganso-e-fred-desfalcam-o-fluminense-na-decisao","status":"publish","type":"post","link":"https:\/\/www.oparanews.com.br\/index.php\/2020\/07\/08\/ganso-e-fred-desfalcam-o-fluminense-na-decisao\/","title":{"rendered":"Ganso e Fred desfalcam o Fluminense na decis\u00e3o"},"content":{"rendered":"<p>O Fluminense teve duas baixas significativas para a decis\u00e3o da Ta\u00e7a Rio, nesta quarta-feira, \u00e0s 21h30, no Maracan\u00e3. Lesionados, o atacante Fred e o meia Paulo Henrique Ganso n\u00e3o ser\u00e3o relacionados para a partida. O camisa 9 sentiu dores no p\u00e9 direito, enquanto Ganso apresentou um quadro de lombalgia.<\/p>\n<p>O t\u00e9cnico Odair Hellmann deve optar por Evan\u00edlson na vaga de Fred. O jovem de 20 anos j\u00e1 vinha atuando na posi\u00e7\u00e3o, antes do retorno do \u00eddolo.<\/p>\n<p>Marcos Paulo e Matheus Ferraz tamb\u00e9m devem voltar ao time. O atacante formado em Xer\u00e9m deve substituir Wellington Silva, por escolha t\u00e1tica do treinador. J\u00e1 o zagueiro retorna da suspens\u00e3o e deve voltar a formar a dupla de zaga ao lado de Nino, no lugar de Dig\u00e3o.<\/p>\n<p>Ganso j\u00e1 vinha ficando no banco de reservas desde o in\u00edcio da temporada. O camisa 10 iniciou como titular apenas na partida contra o Volta Redonda, a primeira ap\u00f3s a retomada do Carioca.<\/p>\n<p>As duas equipes se enfrentam no Maracan\u00e3. Como mandante sorteado pela Ferju, o Flu informou que vai transmitir a partida pela FluTV, canal oficial do clube no YouTube. O Tricolor precisa vencer para garantir a conquista do segundo turno e for\u00e7ar mais dois jogos contra o Flamengo para decidir o t\u00edtulo estadual. Em caso de empate, haver\u00e1 disputa de p\u00eanaltis.<\/p>\n<p>Um triunfo do Rubro-Negro garante o t\u00edtulo Carioca de 2020 antecipado, pelo fato do clube j\u00e1 ter vencido a Ta\u00e7a Guanabara e ter terminado com a melhor classifica\u00e7\u00e3o geral na fase de grupos.<\/p>\n<p>&nbsp;<\/p>\n<p><strong>Fonte: LANCE<\/strong><\/p>\n<p>&nbsp;<\/p>\n","protected":false},"excerpt":{"rendered":"<p>O Fluminense teve duas baixas significativas para a decis\u00e3o da Ta\u00e7a Rio, nesta quarta-feira, \u00e0s 21h30, no Maracan\u00e3. Lesionados, o atacante Fred e o meia Paulo Henrique Ganso n\u00e3o ser\u00e3o relacionados para a partida. O camisa 9 sentiu dores no p\u00e9 direito, enquanto Ganso apresentou um quadro de lombalgia. O t\u00e9cnico Odair Hellmann deve optar &hellip;<\/p>\n","protected":false},"author":1,"featured_media":7831,"comment_status":"open","ping_status":"open","sticky":false,"template":"","format":"standard","meta":{"_jetpack_newsletter_access":"","_jetpack_dont_email_post_to_subs":false,"_jetpack_newsletter_tier_id":0,"_jetpack_memberships_contains_paywalled_content":false,"_jetpack_memberships_contains_paid_content":false,"footnotes":""},"categories":[1],"tags":[],"class_list":["post-7830","post","type-post","status-publish","format-standard","has-post-thumbnail","hentry","category-destaque"],"jetpack_sharing_enabled":true,"jetpack_featured_media_url":"","_links":{"self":[{"href":"https:\/\/www.oparanews.com.br\/index.php\/wp-json\/wp\/v2\/posts\/7830","targetHints":{"allow":["GET"]}}],"collection":[{"href":"https:\/\/www.oparanews.com.br\/index.php\/wp-json\/wp\/v2\/posts"}],"about":[{"href":"https:\/\/www.oparanews.com.br\/index.php\/wp-json\/wp\/v2\/types\/post"}],"author":[{"embeddable":true,"href":"https:\/\/www.oparanews.com.br\/index.php\/wp-json\/wp\/v2\/users\/1"}],"replies":[{"embeddable":true,"href":"https:\/\/www.oparanews.com.br\/index.php\/wp-json\/wp\/v2\/comments?post=7830"}],"version-history":[{"count":0,"href":"https:\/\/www.oparanews.com.br\/index.php\/wp-json\/wp\/v2\/posts\/7830\/revisions"}],"wp:attachment":[{"href":"https:\/\/www.oparanews.com.br\/index.php\/wp-json\/wp\/v2\/media?parent=7830"}],"wp:term":[{"taxonomy":"category","embeddable":true,"href":"https:\/\/www.oparanews.com.br\/index.php\/wp-json\/wp\/v2\/categories?post=7830"},{"taxonomy":"post_tag","embeddable":true,"href":"https:\/\/www.oparanews.com.br\/index.php\/wp-json\/wp\/v2\/tags?post=7830"}],"curies":[{"name":"wp","href":"https:\/\/api.w.org\/{rel}","templated":true}]}}