{"id":7842,"date":"2020-07-08T13:15:51","date_gmt":"2020-07-08T13:15:51","guid":{"rendered":"https:\/\/oparanews.com.br\/?p=7842"},"modified":"2020-07-08T13:15:51","modified_gmt":"2020-07-08T13:15:51","slug":"prefeito-de-santana-do-ipanema-isnaldo-bulhoes-morre-por-covid-19","status":"publish","type":"post","link":"https:\/\/www.oparanews.com.br\/index.php\/2020\/07\/08\/prefeito-de-santana-do-ipanema-isnaldo-bulhoes-morre-por-covid-19\/","title":{"rendered":"Prefeito de Santana do Ipanema, Isnaldo Bulh\u00f5es, morre por Covid-19"},"content":{"rendered":"<p>Morreu o prefeito de Santana do Ipanema, Isnaldo Bulh\u00f5es (MDB), por complica\u00e7\u00f5es da Covid-19, doen\u00e7a causada pelo novo coronav\u00edrus. A informa\u00e7\u00e3o foi confirmada pela assessoria do munic\u00edpio nesta quarta-feira (8).<\/p>\n<p>Isnaldo estava afastado das fun\u00e7\u00f5es na prefeitura. Quem respondia pelo comando do munic\u00edpio era a filha e vice-prefeita, Christiane Bulh\u00f5es.<\/p>\n<p>A Associa\u00e7\u00e3o dos Munic\u00edpios Alagoanos (AMA) lamentou a morte do prefeito.<\/p>\n<p>\u00c0 fam\u00edlia Bulh\u00f5es, os sentimentos de todos os que fazem a AMA neste momento de dor e o reconhecimento pelos servi\u00e7os prestados ao Estado De Alagoas e ao munic\u00edpio de Santana do Ipanema pelo grande homem Isnaldo Bulh\u00f5es.<\/p>\n<p>&nbsp;<\/p>\n<p><strong>Fonte: G1\/AL<\/strong><\/p>\n<p>&nbsp;<\/p>\n","protected":false},"excerpt":{"rendered":"<p>Morreu o prefeito de Santana do Ipanema, Isnaldo Bulh\u00f5es (MDB), por complica\u00e7\u00f5es da Covid-19, doen\u00e7a causada pelo novo coronav\u00edrus. A informa\u00e7\u00e3o foi confirmada pela assessoria do munic\u00edpio nesta quarta-feira (8). Isnaldo estava afastado das fun\u00e7\u00f5es na prefeitura. Quem respondia pelo comando do munic\u00edpio era a filha e vice-prefeita, Christiane Bulh\u00f5es. A Associa\u00e7\u00e3o dos Munic\u00edpios Alagoanos &hellip;<\/p>\n","protected":false},"author":1,"featured_media":7843,"comment_status":"open","ping_status":"open","sticky":false,"template":"","format":"standard","meta":{"_jetpack_newsletter_access":"","_jetpack_dont_email_post_to_subs":false,"_jetpack_newsletter_tier_id":0,"_jetpack_memberships_contains_paywalled_content":false,"_jetpack_memberships_contains_paid_content":false,"footnotes":""},"categories":[1],"tags":[],"class_list":["post-7842","post","type-post","status-publish","format-standard","has-post-thumbnail","hentry","category-destaque"],"jetpack_sharing_enabled":true,"jetpack_featured_media_url":"","_links":{"self":[{"href":"https:\/\/www.oparanews.com.br\/index.php\/wp-json\/wp\/v2\/posts\/7842","targetHints":{"allow":["GET"]}}],"collection":[{"href":"https:\/\/www.oparanews.com.br\/index.php\/wp-json\/wp\/v2\/posts"}],"about":[{"href":"https:\/\/www.oparanews.com.br\/index.php\/wp-json\/wp\/v2\/types\/post"}],"author":[{"embeddable":true,"href":"https:\/\/www.oparanews.com.br\/index.php\/wp-json\/wp\/v2\/users\/1"}],"replies":[{"embeddable":true,"href":"https:\/\/www.oparanews.com.br\/index.php\/wp-json\/wp\/v2\/comments?post=7842"}],"version-history":[{"count":0,"href":"https:\/\/www.oparanews.com.br\/index.php\/wp-json\/wp\/v2\/posts\/7842\/revisions"}],"wp:attachment":[{"href":"https:\/\/www.oparanews.com.br\/index.php\/wp-json\/wp\/v2\/media?parent=7842"}],"wp:term":[{"taxonomy":"category","embeddable":true,"href":"https:\/\/www.oparanews.com.br\/index.php\/wp-json\/wp\/v2\/categories?post=7842"},{"taxonomy":"post_tag","embeddable":true,"href":"https:\/\/www.oparanews.com.br\/index.php\/wp-json\/wp\/v2\/tags?post=7842"}],"curies":[{"name":"wp","href":"https:\/\/api.w.org\/{rel}","templated":true}]}}