{"id":7851,"date":"2020-07-08T13:43:12","date_gmt":"2020-07-08T13:43:12","guid":{"rendered":"https:\/\/oparanews.com.br\/?p=7851"},"modified":"2020-07-08T13:43:12","modified_gmt":"2020-07-08T13:43:12","slug":"ex-bbb-daniel-conta-que-foi-vitima-de-abusos-na-infancia","status":"publish","type":"post","link":"https:\/\/www.oparanews.com.br\/index.php\/2020\/07\/08\/ex-bbb-daniel-conta-que-foi-vitima-de-abusos-na-infancia\/","title":{"rendered":"Ex-BBB Daniel conta que foi v\u00edtima de abusos na inf\u00e2ncia"},"content":{"rendered":"<p>Ao participar de uma transmiss\u00e3o ao vivo com a jornalista Lisa Gomes, no canal Lisa, Leve e Solta, o ex-BBB Daniel Rolim surpreendeu com uma revela\u00e7\u00e3o que o angustia h\u00e1 muito tempo. O recifense, que teve uma passagem marcante na 11\u00aa edi\u00e7\u00e3o do Big Brother Brasil e ficou em terceiro lugar, contou que por tr\u00e1s da alegria que o p\u00fablico conheceu, e ainda hoje \u00e9 motivo de reconhecimento nas ruas, h\u00e1 uma tristeza grande, por conta de lembran\u00e7as ruins de seu passado.<\/p>\n<p>Daniel abriu o cora\u00e7\u00e3o e contou que, quando crian\u00e7a, foi abusado sexualmente em sua terra natal, Arcoverde, interior de Pernambuco.<\/p>\n<p>&#8220;Eu n\u00e3o permitia, eu n\u00e3o sabia o que estava acontecendo e me fechava pra mim depois que acontecia tudo aquilo. Tive &#8216;coisas&#8221; com outros homens mais velhos e adultos na fase da inf\u00e2ncia, eu tinha uns 9 ou 10 anos&#8221; revelou.<\/p>\n<p>Ele destacou que os abusos eram constantes.&#8221;Eu me questiono at\u00e9 hoje, porque n\u00e3o foi um, nem dois, nem tr\u00eas. Foram v\u00e1rias vezes e foram muitos&#8221; desabafa.<\/p>\n<p>&nbsp;<\/p>\n<p><strong>Fonte: O Fuxico<\/strong><\/p>\n<p>&nbsp;<\/p>\n","protected":false},"excerpt":{"rendered":"<p>Ao participar de uma transmiss\u00e3o ao vivo com a jornalista Lisa Gomes, no canal Lisa, Leve e Solta, o ex-BBB Daniel Rolim surpreendeu com uma revela\u00e7\u00e3o que o angustia h\u00e1 muito tempo. O recifense, que teve uma passagem marcante na 11\u00aa edi\u00e7\u00e3o do Big Brother Brasil e ficou em terceiro lugar, contou que por tr\u00e1s &hellip;<\/p>\n","protected":false},"author":1,"featured_media":7852,"comment_status":"open","ping_status":"open","sticky":false,"template":"","format":"standard","meta":{"_jetpack_newsletter_access":"","_jetpack_dont_email_post_to_subs":false,"_jetpack_newsletter_tier_id":0,"_jetpack_memberships_contains_paywalled_content":false,"_jetpack_memberships_contains_paid_content":false,"footnotes":""},"categories":[1],"tags":[],"class_list":["post-7851","post","type-post","status-publish","format-standard","has-post-thumbnail","hentry","category-destaque"],"jetpack_sharing_enabled":true,"jetpack_featured_media_url":"","_links":{"self":[{"href":"https:\/\/www.oparanews.com.br\/index.php\/wp-json\/wp\/v2\/posts\/7851","targetHints":{"allow":["GET"]}}],"collection":[{"href":"https:\/\/www.oparanews.com.br\/index.php\/wp-json\/wp\/v2\/posts"}],"about":[{"href":"https:\/\/www.oparanews.com.br\/index.php\/wp-json\/wp\/v2\/types\/post"}],"author":[{"embeddable":true,"href":"https:\/\/www.oparanews.com.br\/index.php\/wp-json\/wp\/v2\/users\/1"}],"replies":[{"embeddable":true,"href":"https:\/\/www.oparanews.com.br\/index.php\/wp-json\/wp\/v2\/comments?post=7851"}],"version-history":[{"count":0,"href":"https:\/\/www.oparanews.com.br\/index.php\/wp-json\/wp\/v2\/posts\/7851\/revisions"}],"wp:attachment":[{"href":"https:\/\/www.oparanews.com.br\/index.php\/wp-json\/wp\/v2\/media?parent=7851"}],"wp:term":[{"taxonomy":"category","embeddable":true,"href":"https:\/\/www.oparanews.com.br\/index.php\/wp-json\/wp\/v2\/categories?post=7851"},{"taxonomy":"post_tag","embeddable":true,"href":"https:\/\/www.oparanews.com.br\/index.php\/wp-json\/wp\/v2\/tags?post=7851"}],"curies":[{"name":"wp","href":"https:\/\/api.w.org\/{rel}","templated":true}]}}