{"id":7854,"date":"2020-07-09T01:55:54","date_gmt":"2020-07-09T01:55:54","guid":{"rendered":"https:\/\/oparanews.com.br\/?p=7854"},"modified":"2020-07-09T01:55:54","modified_gmt":"2020-07-09T01:55:54","slug":"penedo-tem-mais-de-300-pessoas-recuperadas-da-covid-19","status":"publish","type":"post","link":"https:\/\/www.oparanews.com.br\/index.php\/2020\/07\/09\/penedo-tem-mais-de-300-pessoas-recuperadas-da-covid-19\/","title":{"rendered":"Penedo tem mais de 300 pessoas recuperadas da Covid-19"},"content":{"rendered":"<p>O boletim epidemiol\u00f3gico da Secretaria Municipal de Sa\u00fade (SEMS) informa que 320 pessoas infectadas por Covid-19 em Penedo j\u00e1 est\u00e3o recuperadas da doen\u00e7a com sete \u00f3bitos registrados no munic\u00edpio at\u00e9 esta quarta-feira, 08 de julho.<\/p>\n<p>Ainda de acordo com a SEMS Penedo, 558 casos s\u00e3o monitorados e quase quinhentos est\u00e3o confirmados (489) at\u00e9 hoje.<\/p>\n<p>Os dados atualizados do boletim epidemiol\u00f3gico informam tamb\u00e9m 570 casos j\u00e1 forma descartados e h\u00e1 apenas quatro suspeitos.<\/p>\n<p>A distribui\u00e7\u00e3o dos casos confirmados por localidade aponta o bairro Dom Constantino com 129, condi\u00e7\u00e3o compreens\u00edvel por ser um dos maiores e mais populosos da cidade. O Santa Luzia tem 98, o Centro da cidade contabiliza 74 e o bairro Raimundo Marinho tem 58 casos confirmados de moradores contaminados por Covid-19.<\/p>\n<p>Ainda na \u00e1rea urbana, a comunidade remanescente quilombola Senhor do Bonfim registra 42 pessoas infectadas pelo novo coronav\u00edrus, enquanto que o primeiro bairro de Penedo \u2013 o Santo Ant\u00f4nio \u2013 est\u00e1 com 28.<\/p>\n<p>No Santa Izabel, popular Cacimbinhas, constam cinco confirma\u00e7\u00f5es de cont\u00e1gio por Covid-19. J\u00e1 no Matadouro, como \u00e9 conhecido o bairro Santa Cec\u00edlia, h\u00e1 um caso registrado at\u00e9 esta quarta-feira, 08.<\/p>\n<p>Na zona rural de Penedo, o povoado Palmeira Alta lidera o ranking de casos confirmados com 24, seguido pelo Tabuleiro dos Negros (15), seis da comunidade Cooperativa (sem distin\u00e7\u00e3o de n\u00facleo), mais seis do povoado Capela e tr\u00eas da comunidade Santa Margarida.<\/p>\n<p>&nbsp;<\/p>\n<p><strong>por Fernando Vin\u00edcius \u2013 Decom PMP<\/strong><\/p>\n<p>&nbsp;<\/p>\n","protected":false},"excerpt":{"rendered":"<p>O boletim epidemiol\u00f3gico da Secretaria Municipal de Sa\u00fade (SEMS) informa que 320 pessoas infectadas por Covid-19 em Penedo j\u00e1 est\u00e3o recuperadas da doen\u00e7a com sete \u00f3bitos registrados no munic\u00edpio at\u00e9 esta quarta-feira, 08 de julho. Ainda de acordo com a SEMS Penedo, 558 casos s\u00e3o monitorados e quase quinhentos est\u00e3o confirmados (489) at\u00e9 hoje. Os &hellip;<\/p>\n","protected":false},"author":1,"featured_media":7855,"comment_status":"open","ping_status":"open","sticky":false,"template":"","format":"standard","meta":{"_jetpack_newsletter_access":"","_jetpack_dont_email_post_to_subs":false,"_jetpack_newsletter_tier_id":0,"_jetpack_memberships_contains_paywalled_content":false,"_jetpack_memberships_contains_paid_content":false,"footnotes":""},"categories":[1],"tags":[],"class_list":["post-7854","post","type-post","status-publish","format-standard","has-post-thumbnail","hentry","category-destaque"],"jetpack_sharing_enabled":true,"jetpack_featured_media_url":"","_links":{"self":[{"href":"https:\/\/www.oparanews.com.br\/index.php\/wp-json\/wp\/v2\/posts\/7854","targetHints":{"allow":["GET"]}}],"collection":[{"href":"https:\/\/www.oparanews.com.br\/index.php\/wp-json\/wp\/v2\/posts"}],"about":[{"href":"https:\/\/www.oparanews.com.br\/index.php\/wp-json\/wp\/v2\/types\/post"}],"author":[{"embeddable":true,"href":"https:\/\/www.oparanews.com.br\/index.php\/wp-json\/wp\/v2\/users\/1"}],"replies":[{"embeddable":true,"href":"https:\/\/www.oparanews.com.br\/index.php\/wp-json\/wp\/v2\/comments?post=7854"}],"version-history":[{"count":0,"href":"https:\/\/www.oparanews.com.br\/index.php\/wp-json\/wp\/v2\/posts\/7854\/revisions"}],"wp:attachment":[{"href":"https:\/\/www.oparanews.com.br\/index.php\/wp-json\/wp\/v2\/media?parent=7854"}],"wp:term":[{"taxonomy":"category","embeddable":true,"href":"https:\/\/www.oparanews.com.br\/index.php\/wp-json\/wp\/v2\/categories?post=7854"},{"taxonomy":"post_tag","embeddable":true,"href":"https:\/\/www.oparanews.com.br\/index.php\/wp-json\/wp\/v2\/tags?post=7854"}],"curies":[{"name":"wp","href":"https:\/\/api.w.org\/{rel}","templated":true}]}}