{"id":7860,"date":"2020-07-09T03:10:55","date_gmt":"2020-07-09T03:10:55","guid":{"rendered":"https:\/\/oparanews.com.br\/?p=7860"},"modified":"2020-07-09T03:10:55","modified_gmt":"2020-07-09T03:10:55","slug":"mec-anuncia-enem-em-17-e-24-de-janeiro-de-2021","status":"publish","type":"post","link":"https:\/\/www.oparanews.com.br\/index.php\/2020\/07\/09\/mec-anuncia-enem-em-17-e-24-de-janeiro-de-2021\/","title":{"rendered":"MEC anuncia Enem em 17 e 24 de janeiro de 2021"},"content":{"rendered":"<p>O Minist\u00e9rio da Educa\u00e7\u00e3o (MEC) e o Instituto Nacional de Estudos e Pesquisas Educacionais An\u00edsio Teixeira (Inep) anunciaram nesta quarta-feira, 8, que o Exame Nacional do Ensino M\u00e9dio (Enem) ser\u00e1 aplicado nos dias 17 e 24 de janeiro de 2021. O Enem digital ser\u00e1 nos dias 31 de janeiro e 7 de fevereiro.<\/p>\n<p>A reaplica\u00e7\u00e3o do Enem ser\u00e1 no dia 24 de fevereiro e 25 de fevereiro. E os resultados ser\u00e3o divulgados no dia 29 de mar\u00e7o de 2021.<\/p>\n<p>O Estad\u00e3o antecipou, na manh\u00e3 desta quarta-feira, que o Enem seria realizado em janeiro. O m\u00eas foi defendido por secret\u00e1rios de educa\u00e7\u00e3o e universidades em reuni\u00f5es com o governo.<\/p>\n<p>Em coletiva de imprensa na tarde desta quarta-feira, o presidente do Inep, Alexandre Lopes, disse estar &#8220;tranquilo para executar o Enem em janeiro&#8221;.<\/p>\n<p>A prova, inicialmente prevista para novembro deste ano, foi adiada por causa da pandemia do coronav\u00edrus. Escolas de todo o Pa\u00eds tiveram atividades presenciais suspensas para evitar a propaga\u00e7\u00e3o do v\u00edrus.<\/p>\n<p>Mais de 5,8 milh\u00f5es de estudantes est\u00e3o inscritos nessa edi\u00e7\u00e3o do Enem. Em enquete realizada a pedido do ex-ministro Abraham Weintraub, a maior parte dos estudantes (49,7%) votou para que o Enem fosse apenas em maio do ano que vem. Outros 35,3% optaram por janeiro.<\/p>\n<p>&nbsp;<\/p>\n<p><strong>Fonte: Terra<\/strong><\/p>\n<p>&nbsp;<\/p>\n","protected":false},"excerpt":{"rendered":"<p>O Minist\u00e9rio da Educa\u00e7\u00e3o (MEC) e o Instituto Nacional de Estudos e Pesquisas Educacionais An\u00edsio Teixeira (Inep) anunciaram nesta quarta-feira, 8, que o Exame Nacional do Ensino M\u00e9dio (Enem) ser\u00e1 aplicado nos dias 17 e 24 de janeiro de 2021. O Enem digital ser\u00e1 nos dias 31 de janeiro e 7 de fevereiro. A reaplica\u00e7\u00e3o &hellip;<\/p>\n","protected":false},"author":1,"featured_media":7861,"comment_status":"open","ping_status":"open","sticky":false,"template":"","format":"standard","meta":{"_jetpack_newsletter_access":"","_jetpack_dont_email_post_to_subs":false,"_jetpack_newsletter_tier_id":0,"_jetpack_memberships_contains_paywalled_content":false,"_jetpack_memberships_contains_paid_content":false,"footnotes":""},"categories":[1],"tags":[],"class_list":["post-7860","post","type-post","status-publish","format-standard","has-post-thumbnail","hentry","category-destaque"],"jetpack_sharing_enabled":true,"jetpack_featured_media_url":"","_links":{"self":[{"href":"https:\/\/www.oparanews.com.br\/index.php\/wp-json\/wp\/v2\/posts\/7860","targetHints":{"allow":["GET"]}}],"collection":[{"href":"https:\/\/www.oparanews.com.br\/index.php\/wp-json\/wp\/v2\/posts"}],"about":[{"href":"https:\/\/www.oparanews.com.br\/index.php\/wp-json\/wp\/v2\/types\/post"}],"author":[{"embeddable":true,"href":"https:\/\/www.oparanews.com.br\/index.php\/wp-json\/wp\/v2\/users\/1"}],"replies":[{"embeddable":true,"href":"https:\/\/www.oparanews.com.br\/index.php\/wp-json\/wp\/v2\/comments?post=7860"}],"version-history":[{"count":0,"href":"https:\/\/www.oparanews.com.br\/index.php\/wp-json\/wp\/v2\/posts\/7860\/revisions"}],"wp:attachment":[{"href":"https:\/\/www.oparanews.com.br\/index.php\/wp-json\/wp\/v2\/media?parent=7860"}],"wp:term":[{"taxonomy":"category","embeddable":true,"href":"https:\/\/www.oparanews.com.br\/index.php\/wp-json\/wp\/v2\/categories?post=7860"},{"taxonomy":"post_tag","embeddable":true,"href":"https:\/\/www.oparanews.com.br\/index.php\/wp-json\/wp\/v2\/tags?post=7860"}],"curies":[{"name":"wp","href":"https:\/\/api.w.org\/{rel}","templated":true}]}}