{"id":7869,"date":"2020-07-09T17:52:22","date_gmt":"2020-07-09T17:52:22","guid":{"rendered":"https:\/\/oparanews.com.br\/?p=7869"},"modified":"2020-07-09T17:52:22","modified_gmt":"2020-07-09T17:52:22","slug":"armas-utilizadas-para-matar-adolescente-sao-encontradas-dentro-de-acude","status":"publish","type":"post","link":"https:\/\/www.oparanews.com.br\/index.php\/2020\/07\/09\/armas-utilizadas-para-matar-adolescente-sao-encontradas-dentro-de-acude\/","title":{"rendered":"Armas utilizadas para matar adolescente s\u00e3o encontradas dentro de a\u00e7ude"},"content":{"rendered":"<p>A Pol\u00edcia Civil acionou o Corpo de Bombeiros para retirar as armas de um crime ocorrido em Jacar\u00e9 dos Homens, sert\u00e3o de Alagoas. Elas estavam em um a\u00e7ude na entrada da cidade, a mais de 8 metros de profundidade. As armas eram fundamentais para dar prosseguimento a investiga\u00e7\u00e3o do crime, que aconteceu no final de junho. A informa\u00e7\u00e3o foi divulgada na manh\u00e3 desta quinta-feira (9).<\/p>\n<p>Os militares resgataram um cutelo e uma faca peixeira de 12 polegadas. De acordo com o delegado regional de Batalha, Valter Nascimento, um adolescente de 16 anos revelou ter jogado as armas no a\u00e7ude.<\/p>\n<p>O adolescente confessou ter cometido o crime junto com um homem de 21 anos, e alegou que ele e o seu pai estavam recebendo amea\u00e7as da v\u00edtima, que seria usu\u00e1ria de coca\u00edna.<\/p>\n<p>O corpo do adolescente foi encontrado no dia 2 de julho, em uma fazenda na Zona Rural de Jacar\u00e9 dos Homens. Segundo a pol\u00edcia, o adolescente tinha 14 anos e havia desaparecido no dia 28 de junho. Ele foi visto pela \u00faltima vez na cidade de Monteir\u00f3polis.<\/p>\n<p>\u201cContudo, novas investiga\u00e7\u00f5es da Pol\u00edcia Civil apontam para uma suposta queima de arquivo, haja vista que os envolvidos na morte do adolescente teriam furtado uma motocicleta no dia 19 de junho de 2020, no munic\u00edpio de Jacar\u00e9 dos Homens, e a v\u00edtima estaria amea\u00e7ando delatar esse fato\u201d, disse o delegado.<\/p>\n<p>A motocicleta foi jogada no a\u00e7ude e apreendida pela Pol\u00edcia Civil antes das armas. Ainda de acordo com o delegado, uma marreta, tamb\u00e9m utilizada no crime, foi apreendida na casa do pai do adolescente apreendido, que a retirou do local e depois do crime guardou no mesmo lugar, sem que o pai soubesse.<\/p>\n<p>&nbsp;<\/p>\n<p><strong>Fonte: G1\/AL<\/strong><\/p>\n<p>&nbsp;<\/p>\n","protected":false},"excerpt":{"rendered":"<p>A Pol\u00edcia Civil acionou o Corpo de Bombeiros para retirar as armas de um crime ocorrido em Jacar\u00e9 dos Homens, sert\u00e3o de Alagoas. Elas estavam em um a\u00e7ude na entrada da cidade, a mais de 8 metros de profundidade. As armas eram fundamentais para dar prosseguimento a investiga\u00e7\u00e3o do crime, que aconteceu no final de &hellip;<\/p>\n","protected":false},"author":1,"featured_media":7870,"comment_status":"open","ping_status":"open","sticky":false,"template":"","format":"standard","meta":{"_jetpack_newsletter_access":"","_jetpack_dont_email_post_to_subs":false,"_jetpack_newsletter_tier_id":0,"_jetpack_memberships_contains_paywalled_content":false,"_jetpack_memberships_contains_paid_content":false,"footnotes":""},"categories":[1],"tags":[],"class_list":["post-7869","post","type-post","status-publish","format-standard","has-post-thumbnail","hentry","category-destaque"],"jetpack_sharing_enabled":true,"jetpack_featured_media_url":"","_links":{"self":[{"href":"https:\/\/www.oparanews.com.br\/index.php\/wp-json\/wp\/v2\/posts\/7869","targetHints":{"allow":["GET"]}}],"collection":[{"href":"https:\/\/www.oparanews.com.br\/index.php\/wp-json\/wp\/v2\/posts"}],"about":[{"href":"https:\/\/www.oparanews.com.br\/index.php\/wp-json\/wp\/v2\/types\/post"}],"author":[{"embeddable":true,"href":"https:\/\/www.oparanews.com.br\/index.php\/wp-json\/wp\/v2\/users\/1"}],"replies":[{"embeddable":true,"href":"https:\/\/www.oparanews.com.br\/index.php\/wp-json\/wp\/v2\/comments?post=7869"}],"version-history":[{"count":0,"href":"https:\/\/www.oparanews.com.br\/index.php\/wp-json\/wp\/v2\/posts\/7869\/revisions"}],"wp:attachment":[{"href":"https:\/\/www.oparanews.com.br\/index.php\/wp-json\/wp\/v2\/media?parent=7869"}],"wp:term":[{"taxonomy":"category","embeddable":true,"href":"https:\/\/www.oparanews.com.br\/index.php\/wp-json\/wp\/v2\/categories?post=7869"},{"taxonomy":"post_tag","embeddable":true,"href":"https:\/\/www.oparanews.com.br\/index.php\/wp-json\/wp\/v2\/tags?post=7869"}],"curies":[{"name":"wp","href":"https:\/\/api.w.org\/{rel}","templated":true}]}}