{"id":7881,"date":"2020-07-10T02:21:35","date_gmt":"2020-07-10T02:21:35","guid":{"rendered":"https:\/\/oparanews.com.br\/?p=7881"},"modified":"2020-07-10T02:21:35","modified_gmt":"2020-07-10T02:21:35","slug":"fred-tem-problema-oftalmologico-detectado-e-precisara-passar-por-cirurgia","status":"publish","type":"post","link":"https:\/\/www.oparanews.com.br\/index.php\/2020\/07\/10\/fred-tem-problema-oftalmologico-detectado-e-precisara-passar-por-cirurgia\/","title":{"rendered":"Fred tem problema oftalmol\u00f3gico detectado e precisar\u00e1 passar por cirurgia"},"content":{"rendered":"<p>O Fluminense informou que o atacante Fred descobriu um problema no olho esquerdo e precisar\u00e1 ser submetido a uma cirurgia nos pr\u00f3ximos dias. O problema oftalmol\u00f3gico do atacante de 36 anos foi detectado em um exame realizado na \u00faltima ter\u00e7a-feira. Desta forma, o camisa 9 est\u00e1 fora das finais do Campeonato Carioca contra o Flamengo, marcadas para domingo (12\/07) e quarta-feira (15\/07).<\/p>\n<p>O procedimento ser\u00e1 realizado por um m\u00e9dico de fora do clube e ainda n\u00e3o tem data marcada. Por se tratar de uma cirurgia ambulatorial, Fred j\u00e1 poder\u00e1 ter alta no mesmo dia, n\u00e3o necessitando de interna\u00e7\u00e3o. O per\u00edodo de recupera\u00e7\u00e3o s\u00f3 ser\u00e1 estipulado ap\u00f3s a interven\u00e7\u00e3o, que \u00e9 considerada simples.<\/p>\n<p>O GloboEsporte.com apurou que Fred j\u00e1 vinha se queixando de tonturas desde quando ainda estava em Belo Horizonte. Com a persist\u00eancia dos inc\u00f4modos desde sua chegada ao Fluminense, o atacante foi submetido a uma s\u00e9rie de exames no Rio de Janeiro e os m\u00e9dicos descobriram se tratar de um problema oftalmol\u00f3gico.<\/p>\n<p>Fred desfalcou o Fluminense na final da Ta\u00e7a Rio, na qual o Tricolor conquistou o t\u00edtulo ap\u00f3s bater o Flamengo nos p\u00eanaltis, na \u00faltima quarta-feira, por causa de dores no p\u00e9 direito em decorr\u00eancia de uma pancada levada no cl\u00e1ssico com o Botafogo do \u00faltimo domingo. Nesta quinta ele esteve no CT Carlos Castilho, mas n\u00e3o treinou no campo, tendo feito apenas trabalhos internos na academia.<\/p>\n<p>\u00cddolo da torcida tricolor, Fred retornou ao Fluminense no fim de maio ap\u00f3s ter sa\u00eddo em 2016. Desde que voltou, o atacante disputou tr\u00eas partidas pelo clube e ainda n\u00e3o balan\u00e7ou as redes. Bicampe\u00e3o brasileiro em 2010 e 2012 e campe\u00e3o carioca em 2012, ele \u00e9 o terceiro maior artilheiro da hist\u00f3ria tricolor, com 172 gols.<\/p>\n<p>&nbsp;<\/p>\n<p><strong>Fonte: globoesporte<\/strong><\/p>\n<p>&nbsp;<\/p>\n","protected":false},"excerpt":{"rendered":"<p>O Fluminense informou que o atacante Fred descobriu um problema no olho esquerdo e precisar\u00e1 ser submetido a uma cirurgia nos pr\u00f3ximos dias. O problema oftalmol\u00f3gico do atacante de 36 anos foi detectado em um exame realizado na \u00faltima ter\u00e7a-feira. Desta forma, o camisa 9 est\u00e1 fora das finais do Campeonato Carioca contra o Flamengo, &hellip;<\/p>\n","protected":false},"author":1,"featured_media":7882,"comment_status":"open","ping_status":"open","sticky":false,"template":"","format":"standard","meta":{"_jetpack_newsletter_access":"","_jetpack_dont_email_post_to_subs":false,"_jetpack_newsletter_tier_id":0,"_jetpack_memberships_contains_paywalled_content":false,"_jetpack_memberships_contains_paid_content":false,"footnotes":""},"categories":[1],"tags":[],"class_list":["post-7881","post","type-post","status-publish","format-standard","has-post-thumbnail","hentry","category-destaque"],"jetpack_sharing_enabled":true,"jetpack_featured_media_url":"","_links":{"self":[{"href":"https:\/\/www.oparanews.com.br\/index.php\/wp-json\/wp\/v2\/posts\/7881","targetHints":{"allow":["GET"]}}],"collection":[{"href":"https:\/\/www.oparanews.com.br\/index.php\/wp-json\/wp\/v2\/posts"}],"about":[{"href":"https:\/\/www.oparanews.com.br\/index.php\/wp-json\/wp\/v2\/types\/post"}],"author":[{"embeddable":true,"href":"https:\/\/www.oparanews.com.br\/index.php\/wp-json\/wp\/v2\/users\/1"}],"replies":[{"embeddable":true,"href":"https:\/\/www.oparanews.com.br\/index.php\/wp-json\/wp\/v2\/comments?post=7881"}],"version-history":[{"count":0,"href":"https:\/\/www.oparanews.com.br\/index.php\/wp-json\/wp\/v2\/posts\/7881\/revisions"}],"wp:attachment":[{"href":"https:\/\/www.oparanews.com.br\/index.php\/wp-json\/wp\/v2\/media?parent=7881"}],"wp:term":[{"taxonomy":"category","embeddable":true,"href":"https:\/\/www.oparanews.com.br\/index.php\/wp-json\/wp\/v2\/categories?post=7881"},{"taxonomy":"post_tag","embeddable":true,"href":"https:\/\/www.oparanews.com.br\/index.php\/wp-json\/wp\/v2\/tags?post=7881"}],"curies":[{"name":"wp","href":"https:\/\/api.w.org\/{rel}","templated":true}]}}