{"id":7887,"date":"2020-07-10T16:18:16","date_gmt":"2020-07-10T16:18:16","guid":{"rendered":"https:\/\/oparanews.com.br\/?p=7887"},"modified":"2020-07-10T16:18:16","modified_gmt":"2020-07-10T16:18:16","slug":"tres-pessoas-ficam-feridas-em-acidente-entre-carro-e-moto-em-santana-do-ipanema","status":"publish","type":"post","link":"https:\/\/www.oparanews.com.br\/index.php\/2020\/07\/10\/tres-pessoas-ficam-feridas-em-acidente-entre-carro-e-moto-em-santana-do-ipanema\/","title":{"rendered":"Tr\u00eas pessoas ficam feridas em acidente entre carro e moto em Santana do Ipanema"},"content":{"rendered":"<p>Um acidente envolvendo um carro e uma motocicleta deixou tr\u00eas pessoas feridas na manh\u00e3 desta sexta-feira (10), em Santana do Ipanema, no Sert\u00e3o de Alagoas. O Corpo de Bombeiros e o Samu foram acionados.<\/p>\n<p>Os bombeiros isolaram o local do acidente e ajudaram na retirada das v\u00edtimas do carro. Eles socorreram um homem de 21 anos, que apresentava suspeita de traumatismo craniano e uma mulher de 19 anos, com escoria\u00e7\u00f5es pelo corpo.<\/p>\n<p>Segundo os bombeiros, a terceira v\u00edtima foi socorrida pelo Servi\u00e7o de Atendimento M\u00f3vel de Urg\u00eancia (Samu).<\/p>\n<p>As v\u00edtimas foram encaminhadas para o Hospital Dr. Clodolfo Rodrigues de Melo. N\u00e3o h\u00e1 informa\u00e7\u00f5es sobre o estado de sa\u00fade delas.<\/p>\n<p>&nbsp;<\/p>\n<p><strong>Fonte: G1\/AL<\/strong><\/p>\n<p>&nbsp;<\/p>\n","protected":false},"excerpt":{"rendered":"<p>Um acidente envolvendo um carro e uma motocicleta deixou tr\u00eas pessoas feridas na manh\u00e3 desta sexta-feira (10), em Santana do Ipanema, no Sert\u00e3o de Alagoas. O Corpo de Bombeiros e o Samu foram acionados. Os bombeiros isolaram o local do acidente e ajudaram na retirada das v\u00edtimas do carro. Eles socorreram um homem de 21 &hellip;<\/p>\n","protected":false},"author":1,"featured_media":7888,"comment_status":"open","ping_status":"open","sticky":false,"template":"","format":"standard","meta":{"_jetpack_newsletter_access":"","_jetpack_dont_email_post_to_subs":false,"_jetpack_newsletter_tier_id":0,"_jetpack_memberships_contains_paywalled_content":false,"_jetpack_memberships_contains_paid_content":false,"footnotes":""},"categories":[1],"tags":[],"class_list":["post-7887","post","type-post","status-publish","format-standard","has-post-thumbnail","hentry","category-destaque"],"jetpack_sharing_enabled":true,"jetpack_featured_media_url":"","_links":{"self":[{"href":"https:\/\/www.oparanews.com.br\/index.php\/wp-json\/wp\/v2\/posts\/7887","targetHints":{"allow":["GET"]}}],"collection":[{"href":"https:\/\/www.oparanews.com.br\/index.php\/wp-json\/wp\/v2\/posts"}],"about":[{"href":"https:\/\/www.oparanews.com.br\/index.php\/wp-json\/wp\/v2\/types\/post"}],"author":[{"embeddable":true,"href":"https:\/\/www.oparanews.com.br\/index.php\/wp-json\/wp\/v2\/users\/1"}],"replies":[{"embeddable":true,"href":"https:\/\/www.oparanews.com.br\/index.php\/wp-json\/wp\/v2\/comments?post=7887"}],"version-history":[{"count":0,"href":"https:\/\/www.oparanews.com.br\/index.php\/wp-json\/wp\/v2\/posts\/7887\/revisions"}],"wp:attachment":[{"href":"https:\/\/www.oparanews.com.br\/index.php\/wp-json\/wp\/v2\/media?parent=7887"}],"wp:term":[{"taxonomy":"category","embeddable":true,"href":"https:\/\/www.oparanews.com.br\/index.php\/wp-json\/wp\/v2\/categories?post=7887"},{"taxonomy":"post_tag","embeddable":true,"href":"https:\/\/www.oparanews.com.br\/index.php\/wp-json\/wp\/v2\/tags?post=7887"}],"curies":[{"name":"wp","href":"https:\/\/api.w.org\/{rel}","templated":true}]}}