{"id":7911,"date":"2020-07-12T22:56:14","date_gmt":"2020-07-12T22:56:14","guid":{"rendered":"https:\/\/oparanews.com.br\/?p=7911"},"modified":"2020-07-12T22:56:14","modified_gmt":"2020-07-12T22:56:14","slug":"penedo-registra-556-casos-da-covid-19","status":"publish","type":"post","link":"https:\/\/www.oparanews.com.br\/index.php\/2020\/07\/12\/penedo-registra-556-casos-da-covid-19\/","title":{"rendered":"Penedo registra 556 casos da Covid-19"},"content":{"rendered":"<p>A Secretaria Municipal de Sa\u00fade (SEMS) da Prefeitura de Penedo divulgou o boletim epidemiol\u00f3gico deste domingo, 12 de julho.<\/p>\n<p>De acordo com os dados atualizados da pandemia do novo coronav\u00edrus no munic\u00edpio, 556 pessoas est\u00e3o contaminadas por Covid-19 at\u00e9 hoje.<\/p>\n<p>O boletim Covid-19 da SEMS informa ainda que 417 pessoas j\u00e1 est\u00e3o recuperadas da doen\u00e7a que registra sete \u00f3bitos em Penedo e 1.281 \u00f3bitos em Alagoas, segundo a Secretaria de Estado da Sa\u00fade (Sesau).<\/p>\n<p>Em Penedo, a SEMS contabiliza ainda dois casos suspeitos de Covid-19, 633 descartados e 472 monitorados. No estado, a Covid-19 tem 45.330 casos confirmados, 1.743 suspeitos e 37.460 pessoas recuperadas do coronav\u00edrus.<\/p>\n<p><strong>Localidades<\/strong><\/p>\n<p>A distribui\u00e7\u00e3o de casos confirmados de Covid-19 em Penedo mostra a seguinte distribui\u00e7\u00e3o:<\/p>\n<p><a href=\"https:\/\/oparanews.com.br\/wp-content\/uploads\/2020\/07\/Sem-t\u00edtulo-87.jpg\"><img loading=\"lazy\" decoding=\"async\" class=\"alignleft size-medium wp-image-7913\" src=\"https:\/\/oparanews.com.br\/wp-content\/uploads\/2020\/07\/Sem-t\u00edtulo-87-273x300.jpg\" alt=\"\" width=\"273\" height=\"300\" \/><\/a><\/p>\n<p>&nbsp;<\/p>\n<p>&nbsp;<\/p>\n<p>&nbsp;<\/p>\n<p><strong>por Fernando Vin\u00edcius \u2013 Decom PMP<\/strong><\/p>\n<p>&nbsp;<\/p>\n","protected":false},"excerpt":{"rendered":"<p>A Secretaria Municipal de Sa\u00fade (SEMS) da Prefeitura de Penedo divulgou o boletim epidemiol\u00f3gico deste domingo, 12 de julho. De acordo com os dados atualizados da pandemia do novo coronav\u00edrus no munic\u00edpio, 556 pessoas est\u00e3o contaminadas por Covid-19 at\u00e9 hoje. O boletim Covid-19 da SEMS informa ainda que 417 pessoas j\u00e1 est\u00e3o recuperadas da doen\u00e7a &hellip;<\/p>\n","protected":false},"author":1,"featured_media":7912,"comment_status":"open","ping_status":"open","sticky":false,"template":"","format":"standard","meta":{"_jetpack_newsletter_access":"","_jetpack_dont_email_post_to_subs":false,"_jetpack_newsletter_tier_id":0,"_jetpack_memberships_contains_paywalled_content":false,"_jetpack_memberships_contains_paid_content":false,"footnotes":""},"categories":[1],"tags":[],"class_list":["post-7911","post","type-post","status-publish","format-standard","has-post-thumbnail","hentry","category-destaque"],"jetpack_sharing_enabled":true,"jetpack_featured_media_url":"","_links":{"self":[{"href":"https:\/\/www.oparanews.com.br\/index.php\/wp-json\/wp\/v2\/posts\/7911","targetHints":{"allow":["GET"]}}],"collection":[{"href":"https:\/\/www.oparanews.com.br\/index.php\/wp-json\/wp\/v2\/posts"}],"about":[{"href":"https:\/\/www.oparanews.com.br\/index.php\/wp-json\/wp\/v2\/types\/post"}],"author":[{"embeddable":true,"href":"https:\/\/www.oparanews.com.br\/index.php\/wp-json\/wp\/v2\/users\/1"}],"replies":[{"embeddable":true,"href":"https:\/\/www.oparanews.com.br\/index.php\/wp-json\/wp\/v2\/comments?post=7911"}],"version-history":[{"count":0,"href":"https:\/\/www.oparanews.com.br\/index.php\/wp-json\/wp\/v2\/posts\/7911\/revisions"}],"wp:attachment":[{"href":"https:\/\/www.oparanews.com.br\/index.php\/wp-json\/wp\/v2\/media?parent=7911"}],"wp:term":[{"taxonomy":"category","embeddable":true,"href":"https:\/\/www.oparanews.com.br\/index.php\/wp-json\/wp\/v2\/categories?post=7911"},{"taxonomy":"post_tag","embeddable":true,"href":"https:\/\/www.oparanews.com.br\/index.php\/wp-json\/wp\/v2\/tags?post=7911"}],"curies":[{"name":"wp","href":"https:\/\/api.w.org\/{rel}","templated":true}]}}