{"id":7923,"date":"2020-07-12T23:20:07","date_gmt":"2020-07-12T23:20:07","guid":{"rendered":"https:\/\/oparanews.com.br\/?p=7923"},"modified":"2020-07-12T23:20:07","modified_gmt":"2020-07-12T23:20:07","slug":"brasil-registra-631-novos-obitos-por-covid-19-em-24-horas","status":"publish","type":"post","link":"https:\/\/www.oparanews.com.br\/index.php\/2020\/07\/12\/brasil-registra-631-novos-obitos-por-covid-19-em-24-horas\/","title":{"rendered":"Brasil registra 631 novos \u00f3bitos por covid-19 em 24 horas"},"content":{"rendered":"<p>O Brasil registrou 631 novos \u00f3bitos pela covid-19 neste domingo, 12, e 24.831 novos casos de coronav\u00edrus, informou o Minist\u00e9rio da Sa\u00fade.<\/p>\n<p>De acordo com a contagem do minist\u00e9rio, o pa\u00eds contabiliza agora 1.864.681 infec\u00e7\u00f5es confirmadas por coronav\u00edrus, totalizando 72.100 mortes pela doen\u00e7a respirat\u00f3ria.<\/p>\n<p>O Brasil \u00e9 o segundo pa\u00eds do mundo com maior n\u00famero de casos e mortes por Covid-19, atr\u00e1s apenas dos Estados Unidos.<\/p>\n<p>S\u00e3o Paulo, Estado mais afetado pela doen\u00e7a, tem um total de 371.997 casos e 17.848 pessoas morreram.<\/p>\n<p>O Cear\u00e1 tem 136.785 casos confirmados com 6.868 mortos, enquanto o Rio de Janeiro registra um total de 129.684 infec\u00e7\u00f5es e 11.415 mortos.<\/p>\n<p>Neste domingo, a guarda municipal do Rio de Janeiro informou que ao menos 135 pessoas foram multadas na orla e nas praias da cidade neste fim de semana por estarem sem m\u00e1scara de prote\u00e7\u00e3o.<\/p>\n<p>Neste domingo, foram 86 multas, depois de 49 autua\u00e7\u00f5es terem sido aplicadas na v\u00e9spera. As abordagens das equipes aconteceram no cal\u00e7ad\u00e3o e na faixa de areia.<\/p>\n<p>No fim de semana, as pistas da orla voltaram a ser interditadas para serem usadas como \u00e1rea de lazer, algo que era comum aos domingos antes da pandemia.<\/p>\n<p>A multa pela falta de uso de m\u00e1scara no Rio de Janeiro \u00e9 de 107 reais por pessoa, enquanto que para estabelecimentos comerciais varia de 590 reais a quase 2.700 reais. Um decreto de maio obriga as pessoas a usarem m\u00e1scara em local p\u00fablico na cidade.<\/p>\n<p>&#8220;Realizamos o procedimento para proteger a popula\u00e7\u00e3o nesta luta contra o novo coronav\u00edrus. O objetivo da Blitz da Vida \u00e9 levar consci\u00eancia e estimular a disciplina pessoal aos cidad\u00e3os sobre a necessidade do uso da m\u00e1scara de prote\u00e7\u00e3o&#8221;, afirmou o comandante da Guarda Municipal do Rio, Jos\u00e9 Ricardo Soares.<\/p>\n<p>Segundo a Guarda Municipal, desde o come\u00e7o de junho j\u00e1 foram registradas 1.377 infra\u00e7\u00f5es sanit\u00e1rias sendo 825 autua\u00e7\u00f5es pela falta do uso de m\u00e1scara facial, com 656 constatadas em via p\u00fablica e 169 dentro de estabelecimentos comerciais.<\/p>\n<p>&nbsp;<\/p>\n<p><strong>Fonte: Terra<\/strong><\/p>\n<p>&nbsp;<\/p>\n","protected":false},"excerpt":{"rendered":"<p>O Brasil registrou 631 novos \u00f3bitos pela covid-19 neste domingo, 12, e 24.831 novos casos de coronav\u00edrus, informou o Minist\u00e9rio da Sa\u00fade. De acordo com a contagem do minist\u00e9rio, o pa\u00eds contabiliza agora 1.864.681 infec\u00e7\u00f5es confirmadas por coronav\u00edrus, totalizando 72.100 mortes pela doen\u00e7a respirat\u00f3ria. O Brasil \u00e9 o segundo pa\u00eds do mundo com maior n\u00famero &hellip;<\/p>\n","protected":false},"author":1,"featured_media":7924,"comment_status":"open","ping_status":"open","sticky":false,"template":"","format":"standard","meta":{"_jetpack_newsletter_access":"","_jetpack_dont_email_post_to_subs":false,"_jetpack_newsletter_tier_id":0,"_jetpack_memberships_contains_paywalled_content":false,"_jetpack_memberships_contains_paid_content":false,"footnotes":""},"categories":[1],"tags":[],"class_list":["post-7923","post","type-post","status-publish","format-standard","has-post-thumbnail","hentry","category-destaque"],"jetpack_sharing_enabled":true,"jetpack_featured_media_url":"","_links":{"self":[{"href":"https:\/\/www.oparanews.com.br\/index.php\/wp-json\/wp\/v2\/posts\/7923","targetHints":{"allow":["GET"]}}],"collection":[{"href":"https:\/\/www.oparanews.com.br\/index.php\/wp-json\/wp\/v2\/posts"}],"about":[{"href":"https:\/\/www.oparanews.com.br\/index.php\/wp-json\/wp\/v2\/types\/post"}],"author":[{"embeddable":true,"href":"https:\/\/www.oparanews.com.br\/index.php\/wp-json\/wp\/v2\/users\/1"}],"replies":[{"embeddable":true,"href":"https:\/\/www.oparanews.com.br\/index.php\/wp-json\/wp\/v2\/comments?post=7923"}],"version-history":[{"count":0,"href":"https:\/\/www.oparanews.com.br\/index.php\/wp-json\/wp\/v2\/posts\/7923\/revisions"}],"wp:attachment":[{"href":"https:\/\/www.oparanews.com.br\/index.php\/wp-json\/wp\/v2\/media?parent=7923"}],"wp:term":[{"taxonomy":"category","embeddable":true,"href":"https:\/\/www.oparanews.com.br\/index.php\/wp-json\/wp\/v2\/categories?post=7923"},{"taxonomy":"post_tag","embeddable":true,"href":"https:\/\/www.oparanews.com.br\/index.php\/wp-json\/wp\/v2\/tags?post=7923"}],"curies":[{"name":"wp","href":"https:\/\/api.w.org\/{rel}","templated":true}]}}