{"id":7933,"date":"2020-07-13T19:40:30","date_gmt":"2020-07-13T19:40:30","guid":{"rendered":"https:\/\/oparanews.com.br\/?p=7933"},"modified":"2020-07-13T19:40:30","modified_gmt":"2020-07-13T19:40:30","slug":"selecionados-para-o-festival-dendi-casa-criticam-a-falta-de-transparencia","status":"publish","type":"post","link":"https:\/\/www.oparanews.com.br\/index.php\/2020\/07\/13\/selecionados-para-o-festival-dendi-casa-criticam-a-falta-de-transparencia\/","title":{"rendered":"Selecionados para o &#8216;Festival Dendi Casa&#8217; criticam a falta de transpar\u00eancia"},"content":{"rendered":"<p>Contemplados pelo edital do &#8216;Festival Dendi Casa Tem Cultura&#8217;, organizado pela Secretaria de Estado da Cultura (Secult) para gerar renda aos artistas durante o per\u00edodo de isolamento social, questionam a falta de transpar\u00eancia quanto \u00e0 programa\u00e7\u00e3o e organiza\u00e7\u00e3o do evento.<\/p>\n<p><a href=\"https:\/\/oparanews.com.br\/wp-content\/uploads\/2020\/07\/Sem-t\u00edtulo-95.jpg\"><img loading=\"lazy\" decoding=\"async\" class=\"alignleft size-medium wp-image-7935\" src=\"https:\/\/oparanews.com.br\/wp-content\/uploads\/2020\/07\/Sem-t\u00edtulo-95-300x298.jpg\" alt=\"\" width=\"300\" height=\"298\" \/><\/a><\/p>\n<p>Depois das lives transmitidas no m\u00eas de junho, os participantes ainda aguardam o calend\u00e1rio de julho, que n\u00e3o tinha sido divulgado at\u00e9 a tarde desta segunda-feira (13).<\/p>\n<p>\u201cDesde o fim de junho que vem essa espera. Alguns artistas mandaram e-mail, n\u00e3o sei se houve resposta. Quando comecei a ver programa\u00e7\u00f5es avulsas do Dendi Casa (dispon\u00edveis no Instagram, est\u00e1 l\u00e1 pra todo mundo ver) comecei a achar estranho\u201d, conta Lucas Litrento, contemplado no edital na \u00e1rea de literatura.<\/p>\n<p>A mesma d\u00favida ficou em Jean Albuquerque, tamb\u00e9m contemplado na \u00e1rea de literatura.<\/p>\n<p>\u201cVimos a programa\u00e7\u00e3o do rock, mas n\u00e3o houve explica\u00e7\u00e3o do porqu\u00ea a programa\u00e7\u00e3o para os outros contemplados ainda n\u00e3o ter sa\u00eddo. Queremos apenas transpar\u00eancia sobre o calend\u00e1rio, saber porqu\u00ea n\u00e3o fomos chamados ainda\u201d, fala Albuquerque.<\/p>\n<p>Por meio de nota, a Secult explicou que est\u00e1 sendo realizada uma reformula\u00e7\u00e3o no festival e que a programa\u00e7\u00e3o deve ser publicada at\u00e9 o final desta semana (leia na \u00edntegra ao final da mat\u00e9ria).<\/p>\n<p>Mas n\u00e3o \u00e9 somente esse o problema. Segundo os participantes, os valores de pagamento tamb\u00e9m n\u00e3o ficaram claros no edital do projeto.<\/p>\n<p>\u201cO edital fala que o valor pago \u00e9 de at\u00e9 R$ 1.000. Mas e se for menos? N\u00e3o est\u00e1 claro\u201d, conta Albuquerque.<\/p>\n<p>\u201cO edital emergencial n\u00e3o explica o valor pago. Colocam o teto. Literatura pode receber at\u00e9 R$ 1000, agora, se eu receber menos, qual ser\u00e1 o motivo?\u201d, tamb\u00e9m questiona Litrento.<\/p>\n<p>Sobre os pagamentos, a secretaria informou que os valores contidos no edital s\u00e3o fechados. No caso da Literatura, cada um dos selecionados vai receber o valor de R$ 1.000 e que o valor para as outras \u00e1reas tamb\u00e9m \u00e9 o que est\u00e1 indicado no edital.<\/p>\n<p>Leia abaixo a nota da Secult na \u00edntegra:<\/p>\n<p><em>&#8220;Iniciamos nossa programa\u00e7\u00e3o do Festival Dendi Casa Tem Cultura em junho, e muitas quest\u00f5es de log\u00edstica e estrutura foram pontuadas pela equipe e pelos pr\u00f3prios artistas. A fim de encontrarmos a melhor maneira para realizar a a\u00e7\u00e3o com qualidade para nossos artistas e para o p\u00fablico, estamos ajustando nosso processo para que as performances online sejam apresentadas com excel\u00eancia. A reformula\u00e7\u00e3o se faz necess\u00e1ria para que tenhamos \u00eaxito nesse trabalho constru\u00eddo com muito carinho. Assim como voc\u00eas, tamb\u00e9m estamos ansiosos em divulgar a programa\u00e7\u00e3o deste Festival que est\u00e1 sendo um sucesso. Nossa expectativa \u00e9 publicar a nova grade ainda essa semana. Agradecemos a compreens\u00e3o.&#8221;<\/em><\/p>\n<p>&nbsp;<\/p>\n<p><strong>Fonte: G1\/AL<\/strong><\/p>\n<p>&nbsp;<\/p>\n","protected":false},"excerpt":{"rendered":"<p>Contemplados pelo edital do &#8216;Festival Dendi Casa Tem Cultura&#8217;, organizado pela Secretaria de Estado da Cultura (Secult) para gerar renda aos artistas durante o per\u00edodo de isolamento social, questionam a falta de transpar\u00eancia quanto \u00e0 programa\u00e7\u00e3o e organiza\u00e7\u00e3o do evento. Depois das lives transmitidas no m\u00eas de junho, os participantes ainda aguardam o calend\u00e1rio de &hellip;<\/p>\n","protected":false},"author":1,"featured_media":7934,"comment_status":"open","ping_status":"open","sticky":false,"template":"","format":"standard","meta":{"_jetpack_newsletter_access":"","_jetpack_dont_email_post_to_subs":false,"_jetpack_newsletter_tier_id":0,"_jetpack_memberships_contains_paywalled_content":false,"_jetpack_memberships_contains_paid_content":false,"footnotes":""},"categories":[1],"tags":[],"class_list":["post-7933","post","type-post","status-publish","format-standard","has-post-thumbnail","hentry","category-destaque"],"jetpack_sharing_enabled":true,"jetpack_featured_media_url":"","_links":{"self":[{"href":"https:\/\/www.oparanews.com.br\/index.php\/wp-json\/wp\/v2\/posts\/7933","targetHints":{"allow":["GET"]}}],"collection":[{"href":"https:\/\/www.oparanews.com.br\/index.php\/wp-json\/wp\/v2\/posts"}],"about":[{"href":"https:\/\/www.oparanews.com.br\/index.php\/wp-json\/wp\/v2\/types\/post"}],"author":[{"embeddable":true,"href":"https:\/\/www.oparanews.com.br\/index.php\/wp-json\/wp\/v2\/users\/1"}],"replies":[{"embeddable":true,"href":"https:\/\/www.oparanews.com.br\/index.php\/wp-json\/wp\/v2\/comments?post=7933"}],"version-history":[{"count":0,"href":"https:\/\/www.oparanews.com.br\/index.php\/wp-json\/wp\/v2\/posts\/7933\/revisions"}],"wp:attachment":[{"href":"https:\/\/www.oparanews.com.br\/index.php\/wp-json\/wp\/v2\/media?parent=7933"}],"wp:term":[{"taxonomy":"category","embeddable":true,"href":"https:\/\/www.oparanews.com.br\/index.php\/wp-json\/wp\/v2\/categories?post=7933"},{"taxonomy":"post_tag","embeddable":true,"href":"https:\/\/www.oparanews.com.br\/index.php\/wp-json\/wp\/v2\/tags?post=7933"}],"curies":[{"name":"wp","href":"https:\/\/api.w.org\/{rel}","templated":true}]}}