{"id":7943,"date":"2020-07-14T02:25:28","date_gmt":"2020-07-14T02:25:28","guid":{"rendered":"https:\/\/oparanews.com.br\/?p=7943"},"modified":"2020-07-14T02:25:28","modified_gmt":"2020-07-14T02:25:28","slug":"alagoano-asa-anuncia-13-jogadores-como-reforcos","status":"publish","type":"post","link":"https:\/\/www.oparanews.com.br\/index.php\/2020\/07\/14\/alagoano-asa-anuncia-13-jogadores-como-reforcos\/","title":{"rendered":"ALAGOANO: ASA anuncia 13 jogadores como refor\u00e7os"},"content":{"rendered":"<p>O ASA anunciou, no final da tarde desta segunda-feira (13), um pacot\u00e3o de refor\u00e7os para a retomada do Campeonato Alagoano. Al\u00e9m de L\u00e9o Goiano como t\u00e9cnico da equipe &#8211; informa\u00e7\u00e3o divulgada na \u00faltima sexta (10) -, o Alvinegro arapiraquense comunicou a vinda de mais 13 jogadores.<\/p>\n<p>Entre os nomes anunciados pelo Fantasma, o destaque fica por conta do goleiro Deola, de 37 anos, que acumula passagens por grandes clubes do futebol brasileiro, como Palmeiras, Vit\u00f3ria-BA, Fortaleza e Guarani. No Verd\u00e3o, inclusive, o arqueiro esteve durante cinco temporadas consecutivas entre 2008 e 2012, al\u00e9m de uma segunda passagem em 2014. Em 2016, Deola vestiu a camisa da equipe do B do clube paulista. O \u00faltimo clube foi o Am\u00e9rica-RJ, onde disputou 14 jogos na atual temporada.<\/p>\n<p>No clube alviverde, ele conquistou ainda uma Copa do Brasil, em 2012, e um Paulist\u00e3o, em 2008. Al\u00e9m de conquistar um Campeonato Baiano pelo Le\u00e3o do Barrad\u00e3o e um Cearense pelo Fortaleza em 2015.<\/p>\n<p>Outro refor\u00e7o confirmado \u00e9 o zagueiro Charles, que tamb\u00e9m conta com passagens por grandes clubes do Brasil, como Joinville, Cear\u00e1, Fortaleza, Paysandu e Paran\u00e1. Al\u00e9m deles, outros onze nomes foram confirmados: o zagueiro Martony; o volante Sap\u00e9, meia Maranh\u00e3o; os laterais direitos Orlando e Wander; e os laterais esquerdos Guilherme e Jakinha. Os goleiros Jo\u00e3o Ricardo e Luiz Mach e os atacantes Gabriel e Jayme. Luiz Mach e Gabriel, inclusive, s\u00e3o pratas da casa.<\/p>\n<p>&nbsp;<\/p>\n<p><strong>Fonte: Gazetaweb<\/strong><\/p>\n<p>&nbsp;<\/p>\n","protected":false},"excerpt":{"rendered":"<p>O ASA anunciou, no final da tarde desta segunda-feira (13), um pacot\u00e3o de refor\u00e7os para a retomada do Campeonato Alagoano. Al\u00e9m de L\u00e9o Goiano como t\u00e9cnico da equipe &#8211; informa\u00e7\u00e3o divulgada na \u00faltima sexta (10) -, o Alvinegro arapiraquense comunicou a vinda de mais 13 jogadores. Entre os nomes anunciados pelo Fantasma, o destaque fica &hellip;<\/p>\n","protected":false},"author":1,"featured_media":7944,"comment_status":"open","ping_status":"open","sticky":false,"template":"","format":"standard","meta":{"_jetpack_newsletter_access":"","_jetpack_dont_email_post_to_subs":false,"_jetpack_newsletter_tier_id":0,"_jetpack_memberships_contains_paywalled_content":false,"_jetpack_memberships_contains_paid_content":false,"footnotes":""},"categories":[1],"tags":[],"class_list":["post-7943","post","type-post","status-publish","format-standard","has-post-thumbnail","hentry","category-destaque"],"jetpack_sharing_enabled":true,"jetpack_featured_media_url":"","_links":{"self":[{"href":"https:\/\/www.oparanews.com.br\/index.php\/wp-json\/wp\/v2\/posts\/7943","targetHints":{"allow":["GET"]}}],"collection":[{"href":"https:\/\/www.oparanews.com.br\/index.php\/wp-json\/wp\/v2\/posts"}],"about":[{"href":"https:\/\/www.oparanews.com.br\/index.php\/wp-json\/wp\/v2\/types\/post"}],"author":[{"embeddable":true,"href":"https:\/\/www.oparanews.com.br\/index.php\/wp-json\/wp\/v2\/users\/1"}],"replies":[{"embeddable":true,"href":"https:\/\/www.oparanews.com.br\/index.php\/wp-json\/wp\/v2\/comments?post=7943"}],"version-history":[{"count":0,"href":"https:\/\/www.oparanews.com.br\/index.php\/wp-json\/wp\/v2\/posts\/7943\/revisions"}],"wp:attachment":[{"href":"https:\/\/www.oparanews.com.br\/index.php\/wp-json\/wp\/v2\/media?parent=7943"}],"wp:term":[{"taxonomy":"category","embeddable":true,"href":"https:\/\/www.oparanews.com.br\/index.php\/wp-json\/wp\/v2\/categories?post=7943"},{"taxonomy":"post_tag","embeddable":true,"href":"https:\/\/www.oparanews.com.br\/index.php\/wp-json\/wp\/v2\/tags?post=7943"}],"curies":[{"name":"wp","href":"https:\/\/api.w.org\/{rel}","templated":true}]}}