{"id":7952,"date":"2020-07-14T02:58:07","date_gmt":"2020-07-14T02:58:07","guid":{"rendered":"https:\/\/oparanews.com.br\/?p=7952"},"modified":"2020-07-14T02:58:07","modified_gmt":"2020-07-14T02:58:07","slug":"policia-investiga-pms-por-denuncia-de-agressao-a-mulher-negra-em-sp","status":"publish","type":"post","link":"https:\/\/www.oparanews.com.br\/index.php\/2020\/07\/14\/policia-investiga-pms-por-denuncia-de-agressao-a-mulher-negra-em-sp\/","title":{"rendered":"Pol\u00edcia investiga PMs por den\u00fancia de agress\u00e3o \u00e0 mulher negra em SP"},"content":{"rendered":"<p>A Secretaria da Seguran\u00e7a P\u00fablica (SSP) de S\u00e3o Paulo informou nesta segunda-feira (13), \u00e0 Ag\u00eancia Brasil, que um inqu\u00e9rito foi instaurado, em 30 de maio, para apurar o caso de uma mulher negra, de 51 anos de idade, dona de um bar no distrito de Parelheiros, zona sul da cidade, que sofreu agress\u00f5es por parte de um policial militar que foi atender a um chamado no local, na mesma data.<\/p>\n<p>O inqu\u00e9rito ficar\u00e1 sob responsabilidade do 25\u00b0 Distrito Policial. Segundo a pasta, os policiais envolvidos foram afastados de suas atividades e assim devem permanecer at\u00e9 que a investiga\u00e7\u00e3o seja conclu\u00edda. &#8220;A SSP n\u00e3o compactua com desvios de conduta de seus agentes e apura rigorosamente todas as den\u00fancias. Desde o \u00faltimo dia 1, policiais militares de todos os n\u00edveis hier\u00e1rquicos participam programa de treinamento, visando a refor\u00e7ar os conhecimentos e t\u00e9cnicas da institui\u00e7\u00e3o&#8221;, complementou.<\/p>\n<p>Em um v\u00eddeo exibido pelo programa Fant\u00e1stico, da TV Globo, a v\u00edtima, cujo nome foi preservado, aparece tendo o pesco\u00e7o pisoteado pelo agente, identificado como Jo\u00e3o Paulo. No dia 25 de maio, o estadunidense George Floyd, tamb\u00e9m foi agredido por policiais brancos e morte mobilizou protestos por todo o mundo.<\/p>\n<p>Os policiais dirigiram-se ao endere\u00e7o ap\u00f3s serem acionados por vizinhos do bar da mulher, que se incomodaram com o volume elevado do som emitido pelo carro de um cliente do estabelecimento. A mulher contou que as viol\u00eancias come\u00e7aram quando interveio em defesa de um amigo, que foi imobilizado por eles e golpeado por joelhadas.<\/p>\n<p>As imagens tamb\u00e9m mostram o policial arrastando a mulher por alguns metros, at\u00e9 solt\u00e1-la na cal\u00e7ada. A v\u00edtima alega desmaiou quatro vezes, em virtude da asfixia, e que os policiais desferiram, ainda, tr\u00eas socos contra ela, ocasionando a fratura de sua t\u00edbia (osso localizado na regi\u00e3o da parte inferior da perna).Conforme a reportagem, a comerciante foi levada ao hospital, com ferimentos nas costas, no rosto, e, em seguida ao 101\u00ba Distrito Policial, de Jardim Imbuias, onde ficou detida por um dia. Um m\u00eas depois da ocorr\u00eancia, foi submetida a uma cirurgia para tratar da perna lesionada.<\/p>\n<p>Os policiais que atenderam ao chamado registraram boletim de ocorr\u00eancia contra a mulher, por desacato, les\u00e3o corporal, resist\u00eancia e desobedi\u00eancia. Eles alegam que apenas se defenderam contra ofensivas da mulher, que os teria atacado com uma barra de ferro e um rodo.<\/p>\n<p>Na noite de ontem, o governador de S\u00e3o Paulo, Jo\u00e3o Doria, pronunciou-se sobre o ocorrido, por meio de sua conta no Twitter. &#8220;Os policiais militares que agrediram uma mulher em Parelheiros, na Capital de SP, j\u00e1 foram afastados e responder\u00e3o a inqu\u00e9rito. As cenas exibidas no Fant\u00e1stico causam repulsa. Inaceit\u00e1vel a conduta de viol\u00eancia desnecess\u00e1ria de alguns policiais. N\u00e3o honram a qualidade da PM de SP&#8221;, escreveu.<\/p>\n<p>De acordo com balan\u00e7o do Disque 100, canal disponibilizado pelo governo federal para formaliza\u00e7\u00e3o de queixas relacionadas a viola\u00e7\u00f5es de direitos humanos, em 2019, o estado de S\u00e3o Paulo contabilizou 319 den\u00fancias de abuso policial. O n\u00famero vem aumentando desde 2015, quando o total era de 135. Em 2016, 2017 e 2018, saltou para 191, 197 e 293, respectivamente.<\/p>\n<p>Levantamento do F\u00f3rum Brasileiro de Seguran\u00e7a P\u00fablica (FBSP) evidencia que 75,4% das pessoas mortas em interven\u00e7\u00f5es policiais nos anos de 2017 e 2018 eram negras. Ao todo, 11% das mortes violentas intencionais reportadas em todo o Brasil, no per\u00edodo, foram cometidas pela pol\u00edcia.<\/p>\n<p>&nbsp;<\/p>\n<p><strong>Fonte: Ag\u00eancia Brasil<\/strong><\/p>\n<p>&nbsp;<\/p>\n","protected":false},"excerpt":{"rendered":"<p>A Secretaria da Seguran\u00e7a P\u00fablica (SSP) de S\u00e3o Paulo informou nesta segunda-feira (13), \u00e0 Ag\u00eancia Brasil, que um inqu\u00e9rito foi instaurado, em 30 de maio, para apurar o caso de uma mulher negra, de 51 anos de idade, dona de um bar no distrito de Parelheiros, zona sul da cidade, que sofreu agress\u00f5es por parte &hellip;<\/p>\n","protected":false},"author":1,"featured_media":7953,"comment_status":"open","ping_status":"open","sticky":false,"template":"","format":"standard","meta":{"_jetpack_newsletter_access":"","_jetpack_dont_email_post_to_subs":false,"_jetpack_newsletter_tier_id":0,"_jetpack_memberships_contains_paywalled_content":false,"_jetpack_memberships_contains_paid_content":false,"footnotes":""},"categories":[1],"tags":[],"class_list":["post-7952","post","type-post","status-publish","format-standard","has-post-thumbnail","hentry","category-destaque"],"jetpack_sharing_enabled":true,"jetpack_featured_media_url":"","_links":{"self":[{"href":"https:\/\/www.oparanews.com.br\/index.php\/wp-json\/wp\/v2\/posts\/7952","targetHints":{"allow":["GET"]}}],"collection":[{"href":"https:\/\/www.oparanews.com.br\/index.php\/wp-json\/wp\/v2\/posts"}],"about":[{"href":"https:\/\/www.oparanews.com.br\/index.php\/wp-json\/wp\/v2\/types\/post"}],"author":[{"embeddable":true,"href":"https:\/\/www.oparanews.com.br\/index.php\/wp-json\/wp\/v2\/users\/1"}],"replies":[{"embeddable":true,"href":"https:\/\/www.oparanews.com.br\/index.php\/wp-json\/wp\/v2\/comments?post=7952"}],"version-history":[{"count":0,"href":"https:\/\/www.oparanews.com.br\/index.php\/wp-json\/wp\/v2\/posts\/7952\/revisions"}],"wp:attachment":[{"href":"https:\/\/www.oparanews.com.br\/index.php\/wp-json\/wp\/v2\/media?parent=7952"}],"wp:term":[{"taxonomy":"category","embeddable":true,"href":"https:\/\/www.oparanews.com.br\/index.php\/wp-json\/wp\/v2\/categories?post=7952"},{"taxonomy":"post_tag","embeddable":true,"href":"https:\/\/www.oparanews.com.br\/index.php\/wp-json\/wp\/v2\/tags?post=7952"}],"curies":[{"name":"wp","href":"https:\/\/api.w.org\/{rel}","templated":true}]}}