{"id":7955,"date":"2020-07-14T03:01:55","date_gmt":"2020-07-14T03:01:55","guid":{"rendered":"https:\/\/oparanews.com.br\/?p=7955"},"modified":"2020-07-14T03:01:55","modified_gmt":"2020-07-14T03:01:55","slug":"mp-al-denuncia-homem-por-assalto-e-estupro-de-funcionaria-de-loja-em-maceio","status":"publish","type":"post","link":"https:\/\/www.oparanews.com.br\/index.php\/2020\/07\/14\/mp-al-denuncia-homem-por-assalto-e-estupro-de-funcionaria-de-loja-em-maceio\/","title":{"rendered":"MP-AL denuncia homem por assalto e estupro de funcion\u00e1ria de loja em Macei\u00f3"},"content":{"rendered":"<p>O Minist\u00e9rio P\u00fablico do Estado de Alagoas (MP-AL) denunciou Sandro Jos\u00e9 Dantas Mendes pelo assalto e estupro de uma funcion\u00e1ria de uma loja de inform\u00e1tica no bairro do Farol, em Macei\u00f3, no dia oito de junho. A informa\u00e7\u00e3o foi divulgada nesta segunda-feira (13). O acusado est\u00e1 preso.<\/p>\n<p>Foi requerido ainda pelo promotor de Justi\u00e7a T\u00e1cito Yuri que seja juntado ao inqu\u00e9rito e enviado \u00e0 38\u00aa Promotoria de Justi\u00e7a da Capital o resultado do exame de DNA e o material coletado da v\u00edtima, que comprovou a autoria do estupro.<\/p>\n<p>Al\u00e9m disso, o \u00f3rg\u00e3o pediu que processos findos ou em tramita\u00e7\u00e3o que tenham o homem como r\u00e9u tamb\u00e9m sejam enviados para a Promotoria.<\/p>\n<p>O crime aconteceu por volta das 7h30, quando a funcion\u00e1ria estava abrindo a empresa em que trabalha. O homem entrou no estabelecimento, abordou a v\u00edtima com uma faca, a empurrou para o corredor do local, tirou suas roupas e a estuprou. Ele levou a v\u00edtima para o andar de cima do pr\u00e9dio e a trancou em uma sala. Ap\u00f3s o ato, roubou celulares e notebooks da empresa.<\/p>\n<p>Um dia depois, o suspeito foi preso no Terminal Rodovi\u00e1rio Jo\u00e3o Paulo II, no bairro do Feitosa, em uma opera\u00e7\u00e3o da Delegacia de Roubos da Capital (DERC) e da Divis\u00e3o Especial de Investiga\u00e7\u00e3o e Capturas (Deic). Ele informou \u00e0 pol\u00edcia que tinha vendido os equipamentos eletr\u00f4nicos na Feira do Rato, localizada no Mercado da Produ\u00e7\u00e3o.<\/p>\n<p>Segundo o promotor, a mulher teme morrer pelo grau de agressividade do suspeito e com a amea\u00e7a sofrida.<\/p>\n<p>\u201c\u00c9 uma pessoa com passagens pela pol\u00edcia, inclusive estava no regime semiaberto, mostrando claramente que seu instinto de viol\u00eancia, de afinidade com o crime \u00e9 assustador. Inclusive, \u00e9 poss\u00edvel perceber que em suas a\u00e7\u00f5es tem sempre a inten\u00e7\u00e3o de cometer abusos sexuais, tanto que ao abordar um rapaz na porta da sua casa, perguntou se ele era casado ou se havia mulher em casa&#8221;, disse o promotor, referindo-se a outro crime pelo qual o acusado responde.<\/p>\n<p>Para o promotor, as a\u00e7\u00f5es realizadas pelo suspeito s\u00e3o consideradas atos b\u00e1rbaros.<\/p>\n<p>\u201cImagine voc\u00ea sair de casa cedo da manh\u00e3 para cumprir com seu hor\u00e1rio de trabalho, com suas obriga\u00e7\u00f5es, garantir a sobreviv\u00eancia e ser surpreendida com uma arma, voz de assalto, mas antes da subtra\u00e7\u00e3o dos objetos o criminoso lhe arrastar para um corredor, tirar suas roupas e violentar. Depois lhe deixar trancada numa sala e fugir. A mo\u00e7a foi brutalmente estuprada, correu risco de morte e tamb\u00e9m de contrair doen\u00e7as sexualmente transmiss\u00edveis, fora o trauma que carregar\u00e1 para toda a vida. N\u00e3o como definir, sen\u00e3o como crime cruel\u201d, declarou o promotor.<\/p>\n<p>T\u00e1cito Yuri ressalta a mobiliza\u00e7\u00e3o do Minist\u00e9rio P\u00fablico no combate \u00e0 viol\u00eancia dom\u00e9stica e familiar contra a mulher, destacando a import\u00e2ncia de as pessoas denunciarem os suspeitos.<\/p>\n<p>\u201cH\u00e1 um trabalho conjunto, uma uni\u00e3o de for\u00e7as para que esse quadro de viol\u00eancia contra a mulher seja revertido, mas a sociedade precisa ajudar o Minist\u00e9rio P\u00fablico nessa miss\u00e3o. Temos o aplicativo somente para isso, as pessoas podem denunciar por meio da Ouvidoria, o que n\u00e3o podemos \u00e9 ficar inertes\u201d, afirma.<\/p>\n<p><strong>Outros crimes<\/strong><\/p>\n<p>Al\u00e9m do crime de estupro contra a funcion\u00e1ria, o suspeito tamb\u00e9m responde por outro crime que cometeu contra uma v\u00edtima no dia 13 de maio.<\/p>\n<p>O suspeito acompanhou a v\u00edtima, que tinha sa\u00eddo de uma casa lot\u00e9rica, a abordou com uma faca e uma arma de fogo, roubando a carteira da v\u00edtima com R$ 200, al\u00e9m de um rel\u00f3gio e perfumes. Ele perguntou \u00e0 v\u00edtima se havia alguma mulher na resid\u00eancia e se a v\u00edtima era casada. Logo em seguida, esfaqueou a v\u00edtima na barriga.<\/p>\n<p>&#8220;Ou, seja, \u00e9 de um alto grau de periculosidade, e o Minist\u00e9rio P\u00fablico denunciou com toda a aposta de que, ao ser julgado, seja punido com a pena m\u00e1xima e tenha esses atos criminosos como agravantes para os seus processos anteriores\u201d, disse o promotor.<\/p>\n<p>&nbsp;<\/p>\n<p><strong>Fonte: G1\/AL<\/strong><\/p>\n<p>&nbsp;<\/p>\n","protected":false},"excerpt":{"rendered":"<p>O Minist\u00e9rio P\u00fablico do Estado de Alagoas (MP-AL) denunciou Sandro Jos\u00e9 Dantas Mendes pelo assalto e estupro de uma funcion\u00e1ria de uma loja de inform\u00e1tica no bairro do Farol, em Macei\u00f3, no dia oito de junho. A informa\u00e7\u00e3o foi divulgada nesta segunda-feira (13). O acusado est\u00e1 preso. Foi requerido ainda pelo promotor de Justi\u00e7a T\u00e1cito &hellip;<\/p>\n","protected":false},"author":1,"featured_media":7956,"comment_status":"open","ping_status":"open","sticky":false,"template":"","format":"standard","meta":{"_jetpack_newsletter_access":"","_jetpack_dont_email_post_to_subs":false,"_jetpack_newsletter_tier_id":0,"_jetpack_memberships_contains_paywalled_content":false,"_jetpack_memberships_contains_paid_content":false,"footnotes":""},"categories":[1],"tags":[],"class_list":["post-7955","post","type-post","status-publish","format-standard","has-post-thumbnail","hentry","category-destaque"],"jetpack_sharing_enabled":true,"jetpack_featured_media_url":"","_links":{"self":[{"href":"https:\/\/www.oparanews.com.br\/index.php\/wp-json\/wp\/v2\/posts\/7955","targetHints":{"allow":["GET"]}}],"collection":[{"href":"https:\/\/www.oparanews.com.br\/index.php\/wp-json\/wp\/v2\/posts"}],"about":[{"href":"https:\/\/www.oparanews.com.br\/index.php\/wp-json\/wp\/v2\/types\/post"}],"author":[{"embeddable":true,"href":"https:\/\/www.oparanews.com.br\/index.php\/wp-json\/wp\/v2\/users\/1"}],"replies":[{"embeddable":true,"href":"https:\/\/www.oparanews.com.br\/index.php\/wp-json\/wp\/v2\/comments?post=7955"}],"version-history":[{"count":0,"href":"https:\/\/www.oparanews.com.br\/index.php\/wp-json\/wp\/v2\/posts\/7955\/revisions"}],"wp:attachment":[{"href":"https:\/\/www.oparanews.com.br\/index.php\/wp-json\/wp\/v2\/media?parent=7955"}],"wp:term":[{"taxonomy":"category","embeddable":true,"href":"https:\/\/www.oparanews.com.br\/index.php\/wp-json\/wp\/v2\/categories?post=7955"},{"taxonomy":"post_tag","embeddable":true,"href":"https:\/\/www.oparanews.com.br\/index.php\/wp-json\/wp\/v2\/tags?post=7955"}],"curies":[{"name":"wp","href":"https:\/\/api.w.org\/{rel}","templated":true}]}}