{"id":7961,"date":"2020-07-14T18:37:40","date_gmt":"2020-07-14T18:37:40","guid":{"rendered":"https:\/\/oparanews.com.br\/?p=7961"},"modified":"2020-07-14T18:37:40","modified_gmt":"2020-07-14T18:37:40","slug":"morte-por-covid-19-em-penedo-e-300-menor-do-que-no-restante-de-alagoas","status":"publish","type":"post","link":"https:\/\/www.oparanews.com.br\/index.php\/2020\/07\/14\/morte-por-covid-19-em-penedo-e-300-menor-do-que-no-restante-de-alagoas\/","title":{"rendered":"Morte por Covid-19 em Penedo \u00e9 300% menor do que no restante de Alagoas"},"content":{"rendered":"<p>Dados contabilizados at\u00e9 o final de junho comprovam acerto das medidas de preven\u00e7\u00e3o efetivadas pela Prefeitura de Penedo e os resultados positivos da PPP criada para atender pessoas com doen\u00e7as cr\u00f4nicas, as mais vulner\u00e1veis ao novo coronav\u00edrus<\/p>\n<p>A sabedoria popular ensina que \u00e9 melhor prevenir do que remediar. E foi assim que a Prefeitura de Penedo conseguiu proteger, ao m\u00e1ximo, a popula\u00e7\u00e3o da cidade hist\u00f3rica contra a pandemia do novo coronav\u00edrus.<\/p>\n<p>Dados oficiais contabilizados at\u00e9 o final de junho mostram que o percentual de mortes por Covid-19 em Penedo foi 300% menor do que no restante do Estado de Alagoas e 531% abaixo da m\u00e9dia da regi\u00e3o Nordeste do Brasil.<\/p>\n<p>O \u00edndice significa 1,14 \u00f3bito para cada 20 mil penedenses, bem abaixo dos 6,14 mortos para cada 20 mil habitantes de Alagoas. Do in\u00edcio da pandemia at\u00e9 o fim de junho, quatro \u00f3bitos por Covid-19 foram registrados em Penedo.<\/p>\n<p>No mesmo per\u00edodo, Alagoas perdeu 650 vidas por causa do coronav\u00edrus, doen\u00e7a que tamb\u00e9m causou a morte de 19.585 nordestinos.<\/p>\n<p>A excel\u00eancia dos trabalhos desenvolvidos pelo governo Marcius Beltr\u00e3o\/Ronaldo Lopes coloca Penedo em condi\u00e7\u00e3o melhor at\u00e9 do que Curitiba-PR, cidade com IDH entre os 10 melhores do Brasil, e onde se registrou 1,52 morte para cada 20 mil habitantes.<\/p>\n<p>A efici\u00eancia do combate ao novo coronav\u00edrus em Penedo \u00e9 resultado das a\u00e7\u00f5es do governo comprometido com a popula\u00e7\u00e3o, inclusive quando \u00e9 necess\u00e1rio adotar medidas impopulares, como reagiu parte da opini\u00e3o p\u00fablica \u2013 inclusive de cidades vizinhas \u2013 quando se instalou as barreiras sanit\u00e1rias nos principais acessos \u00e0 cidade e no porto das lanchas.<\/p>\n<p>O munic\u00edpio que passou a contar com leitos de UTI permanentes \u2013 agora destinados apenas para pacientes com Covid-19 \u2013 gra\u00e7as ao esfor\u00e7o conjunto entre Governo de Alagoas, Prefeitura de Penedo e Santa Casa de Penedo tamb\u00e9m \u00e9 beneficiado por uma a\u00e7\u00e3o pioneira da gest\u00e3o Marcius Beltr\u00e3o\/Ronaldo Lopes.<\/p>\n<p>\u201cAs pessoas mais afetadas pela pandemia da Covid-19 s\u00e3o, justamente, as que possuem doen\u00e7as cr\u00f4nicas. Desde agosto de 2018, por meio da Lei de Inova\u00e7\u00e3o, criamos uma parceria p\u00fablico-privada com a empresa PGS Medical, desenvolvendo um software de gest\u00e3o de cuidado inteligente de pacientes cr\u00f4nicos. Por meio deste programa, estamos cuidando desses pacientes e da melhora de suas imunidades\u201d, explica M\u00e1rcius Beltr\u00e3o em divulga\u00e7\u00e3o feita pela PGS Medical.<\/p>\n<p>Um estudo recente da OMS (Organiza\u00e7\u00e3o Mundial da Sa\u00fade) comprova que 71% das mortes no mundo ocorrem por doen\u00e7as cr\u00f4nicas e os doentes cr\u00f4nicos representam 91,5% dos mortos por Covid-19, de acordo com outro estudo supervisionado pela OMS.<\/p>\n<p>Em Alagoas, dos 1.297 \u00f3bitos registrados at\u00e9 o in\u00edcio desta semana, 516 eram portadores de diabetes, segundo dados da Secretaria de Estado da Sa\u00fade. Diabetes \u00e9 doen\u00e7a cr\u00f4nica cujos pacientes recebem assist\u00eancia especial do Programa Reden\u00e7\u00e3o, desenvolvido pela Prefeitura de Penedo em parceria com a PGS Medical.<\/p>\n<p>Lan\u00e7ado em 2018, somente nos seis primeiros meses de seu funcionamento, o Programa Reden\u00e7\u00e3o reduziu em 61% o n\u00famero de interna\u00e7\u00f5es e 92% o n\u00famero de atendimentos de urg\u00eancia dos doentes cr\u00f4nicos.<\/p>\n<p>&nbsp;<\/p>\n<p><strong>por Fernando Vin\u00edcius com divulga\u00e7\u00e3o PGS Medical<\/strong><\/p>\n<p>&nbsp;<\/p>\n","protected":false},"excerpt":{"rendered":"<p>Dados contabilizados at\u00e9 o final de junho comprovam acerto das medidas de preven\u00e7\u00e3o efetivadas pela Prefeitura de Penedo e os resultados positivos da PPP criada para atender pessoas com doen\u00e7as cr\u00f4nicas, as mais vulner\u00e1veis ao novo coronav\u00edrus A sabedoria popular ensina que \u00e9 melhor prevenir do que remediar. E foi assim que a Prefeitura de &hellip;<\/p>\n","protected":false},"author":1,"featured_media":7962,"comment_status":"open","ping_status":"open","sticky":false,"template":"","format":"standard","meta":{"_jetpack_newsletter_access":"","_jetpack_dont_email_post_to_subs":false,"_jetpack_newsletter_tier_id":0,"_jetpack_memberships_contains_paywalled_content":false,"_jetpack_memberships_contains_paid_content":false,"footnotes":""},"categories":[1],"tags":[],"class_list":["post-7961","post","type-post","status-publish","format-standard","has-post-thumbnail","hentry","category-destaque"],"jetpack_sharing_enabled":true,"jetpack_featured_media_url":"","_links":{"self":[{"href":"https:\/\/www.oparanews.com.br\/index.php\/wp-json\/wp\/v2\/posts\/7961","targetHints":{"allow":["GET"]}}],"collection":[{"href":"https:\/\/www.oparanews.com.br\/index.php\/wp-json\/wp\/v2\/posts"}],"about":[{"href":"https:\/\/www.oparanews.com.br\/index.php\/wp-json\/wp\/v2\/types\/post"}],"author":[{"embeddable":true,"href":"https:\/\/www.oparanews.com.br\/index.php\/wp-json\/wp\/v2\/users\/1"}],"replies":[{"embeddable":true,"href":"https:\/\/www.oparanews.com.br\/index.php\/wp-json\/wp\/v2\/comments?post=7961"}],"version-history":[{"count":0,"href":"https:\/\/www.oparanews.com.br\/index.php\/wp-json\/wp\/v2\/posts\/7961\/revisions"}],"wp:attachment":[{"href":"https:\/\/www.oparanews.com.br\/index.php\/wp-json\/wp\/v2\/media?parent=7961"}],"wp:term":[{"taxonomy":"category","embeddable":true,"href":"https:\/\/www.oparanews.com.br\/index.php\/wp-json\/wp\/v2\/categories?post=7961"},{"taxonomy":"post_tag","embeddable":true,"href":"https:\/\/www.oparanews.com.br\/index.php\/wp-json\/wp\/v2\/tags?post=7961"}],"curies":[{"name":"wp","href":"https:\/\/api.w.org\/{rel}","templated":true}]}}