{"id":7964,"date":"2020-07-14T23:49:48","date_gmt":"2020-07-14T23:49:48","guid":{"rendered":"https:\/\/oparanews.com.br\/?p=7964"},"modified":"2020-07-14T23:49:48","modified_gmt":"2020-07-14T23:49:48","slug":"alagoas-tem-1-314-mortes-pelo-novo-coronavirus-e-47-005-casos-confirmados","status":"publish","type":"post","link":"https:\/\/www.oparanews.com.br\/index.php\/2020\/07\/14\/alagoas-tem-1-314-mortes-pelo-novo-coronavirus-e-47-005-casos-confirmados\/","title":{"rendered":"Alagoas tem 1.314 mortes pelo novo coronav\u00edrus e 47.005 casos confirmados"},"content":{"rendered":"<p>Alagoas confirmou nesta ter\u00e7a-feira (14) mais 709 casos e 17 mortes causadas pelo novo coronav\u00edrus. Com isso, o total de casos chegou a 47.005 e o de \u00f3bitos, a 1.314. Os dados s\u00e3o do boletim epidemiol\u00f3gico da Secretaria de Estado da Sa\u00fade (Sesau).<\/p>\n<p>Desde o in\u00edcio da pandemia, 39.929 pessoas diagnosticadas com Covid-19 j\u00e1 se recuperaram. Outras 1.476 s\u00e3o consideradas casos suspeitos, e aguardam resultado dos testes laboratoriais.<\/p>\n<p>Entre os casos confirmados, 5.612 est\u00e3o em isolamento domiciliar e 148 est\u00e3o internados em leitos p\u00fablicos e privados.<\/p>\n<p>At\u00e9 as 10h desta ter\u00e7a, a taxa de ocupa\u00e7\u00e3o de leitos de UTI para pacientes com suspeita ou confirma\u00e7\u00e3o do v\u00edrus estava em 64%, mesmo \u00edndice do dia anterior. Considerando os leitos intermedi\u00e1rios e cl\u00ednicos, a taxa de ocupa\u00e7\u00e3o caiu para 39%.<\/p>\n<p>Mais 17 mortes por Covid-19 em Alagoas<\/p>\n<p>Macei\u00f3: Homem, 59 anos,sem comorbidades<br \/>\nMacei\u00f3: Homem, 76 anos, cardiopata<br \/>\nMacei\u00f3: Homem, 59 anos, sem comorbidades<br \/>\nArapiraca: Homem, 51 anos, sem comorbidades<br \/>\nArapiraca: Mulher, 78 anos, sem comorbidades<br \/>\nAnadia: Mulher, 58 anos, cardiopata<br \/>\nBranquinha: Homem, 76 anos, sem comorbidades<br \/>\nGirau do Ponciano: Homem, 73 anos, diab\u00e9tico<br \/>\nInhapi: Mulher, 79 anos, sem comorbidades<br \/>\nJunqueiro: Homem, 68 anos, sem comorbidades<br \/>\nLimoeiro de Anadia: Mulher, 81 anos, doen\u00e7a renal cr\u00f4nica<br \/>\nMarechal Deodoro: Mulher, 49 anos, sem comorbidades<br \/>\nMaribondo: Homem, 58 anos, sem comorbidades<br \/>\nRio Largo: Homem, 58 anos, diab\u00e9tico<br \/>\nSantana do Ipanema: Mulher, 52 anos, hipertensa<br \/>\nSantana do Munda\u00fa: Homem, 40 anos, diab\u00e9tico<br \/>\nS\u00e3o Miguel dos Campos: Mulher, 70 anos, sem comorbidades<\/p>\n<p>&nbsp;<\/p>\n<p><strong>Fonte: G1\/AL<\/strong><\/p>\n<p>&nbsp;<\/p>\n","protected":false},"excerpt":{"rendered":"<p>Alagoas confirmou nesta ter\u00e7a-feira (14) mais 709 casos e 17 mortes causadas pelo novo coronav\u00edrus. Com isso, o total de casos chegou a 47.005 e o de \u00f3bitos, a 1.314. Os dados s\u00e3o do boletim epidemiol\u00f3gico da Secretaria de Estado da Sa\u00fade (Sesau). Desde o in\u00edcio da pandemia, 39.929 pessoas diagnosticadas com Covid-19 j\u00e1 se &hellip;<\/p>\n","protected":false},"author":1,"featured_media":7095,"comment_status":"open","ping_status":"open","sticky":false,"template":"","format":"standard","meta":{"_jetpack_newsletter_access":"","_jetpack_dont_email_post_to_subs":false,"_jetpack_newsletter_tier_id":0,"_jetpack_memberships_contains_paywalled_content":false,"_jetpack_memberships_contains_paid_content":false,"footnotes":""},"categories":[1],"tags":[],"class_list":["post-7964","post","type-post","status-publish","format-standard","has-post-thumbnail","hentry","category-destaque"],"jetpack_sharing_enabled":true,"jetpack_featured_media_url":"","_links":{"self":[{"href":"https:\/\/www.oparanews.com.br\/index.php\/wp-json\/wp\/v2\/posts\/7964","targetHints":{"allow":["GET"]}}],"collection":[{"href":"https:\/\/www.oparanews.com.br\/index.php\/wp-json\/wp\/v2\/posts"}],"about":[{"href":"https:\/\/www.oparanews.com.br\/index.php\/wp-json\/wp\/v2\/types\/post"}],"author":[{"embeddable":true,"href":"https:\/\/www.oparanews.com.br\/index.php\/wp-json\/wp\/v2\/users\/1"}],"replies":[{"embeddable":true,"href":"https:\/\/www.oparanews.com.br\/index.php\/wp-json\/wp\/v2\/comments?post=7964"}],"version-history":[{"count":0,"href":"https:\/\/www.oparanews.com.br\/index.php\/wp-json\/wp\/v2\/posts\/7964\/revisions"}],"wp:attachment":[{"href":"https:\/\/www.oparanews.com.br\/index.php\/wp-json\/wp\/v2\/media?parent=7964"}],"wp:term":[{"taxonomy":"category","embeddable":true,"href":"https:\/\/www.oparanews.com.br\/index.php\/wp-json\/wp\/v2\/categories?post=7964"},{"taxonomy":"post_tag","embeddable":true,"href":"https:\/\/www.oparanews.com.br\/index.php\/wp-json\/wp\/v2\/tags?post=7964"}],"curies":[{"name":"wp","href":"https:\/\/api.w.org\/{rel}","templated":true}]}}