{"id":7972,"date":"2020-07-15T00:02:34","date_gmt":"2020-07-15T00:02:34","guid":{"rendered":"https:\/\/oparanews.com.br\/?p=7972"},"modified":"2020-07-15T00:02:34","modified_gmt":"2020-07-15T00:02:34","slug":"novo-decreto-flexibiliza-isolamento-em-maceio-e-algumas-cidades-do-interior","status":"publish","type":"post","link":"https:\/\/www.oparanews.com.br\/index.php\/2020\/07\/15\/novo-decreto-flexibiliza-isolamento-em-maceio-e-algumas-cidades-do-interior\/","title":{"rendered":"Novo decreto flexibiliza isolamento em Macei\u00f3 e algumas cidades do interior"},"content":{"rendered":"<p>O governo de Alagoas anunciou nesta ter\u00e7a-feira (14) um novo decreto de emerg\u00eancia pela pandemia do novo coronav\u00edrus. O documento muda mais uma vez as regras de isolamento e flexibiliza funcionamento de novos servi\u00e7os n\u00e3o essenciais em Macei\u00f3 e parte dos munic\u00edpios da regi\u00e3o Metropolitana e da regi\u00e3o Norte.<\/p>\n<p>A data da reabertura n\u00e3o tinha sido definida at\u00e9 as 18h50, mas o governo indicou que pode ser a partir de segunda (20). A mudan\u00e7a segue as diretrizes da Matriz de Risco, que norteia a reabertura gradativa dos setores produtivos em cinco fases, classificadas nas cores vermelha, laranja, amarela, azul e verde.<\/p>\n<p>A capital, que est\u00e1 na fase laranja, agora passa para a fase amarela. Parte dos munic\u00edpios da regi\u00e3o metropolitana de Macei\u00f3 e da regi\u00e3o Norte passa para fase laranja e os demais munic\u00edpios permanecem na fase vermelha.<\/p>\n<p>Veja os novos setores que ganham permiss\u00e3o para reabrir em Macei\u00f3, al\u00e9m dos que j\u00e1 estavam autorizados nas fases vermelha e laranja:<\/p>\n<p>* lojas ou estabelecimentos de rua acima de 400 m\u00b2 (quatrocentos metros quadrados);<br \/>\n* shoppings centers, galerias, centros comerciais e estabelecimentos cong\u00eaneres;<br \/>\n* templos, igrejas e demais institui\u00e7\u00f5es religiosas, funcionando com 50% (cinquenta por cento) de sua capacidade;<br \/>\n* bares e restaurantes, funcionando com 50% (cinquenta por cento) de sua capacidade;<br \/>\ntransporte intermunicipal e tur\u00edstico, funcionando com 50% (cinquenta por cento) de sua capacidade.<\/p>\n<p>O an\u00fancio foi feito pelo governador Renan Filho (MDB), em entrevista coletiva online, com participa\u00e7\u00e3o do secret\u00e1rio de Estado do Planejamento, Gest\u00e3o e Patrim\u00f4nio (Seplag), Fabr\u00edcio Marques Santos, e com o secret\u00e1rio de Estado da Sa\u00fade, Alexandre Ayres.<\/p>\n<p>&#8220;Um dado importante para o estado \u00e9 a involu\u00e7\u00e3o do n\u00famero de \u00f3bitos por semana epidemiol\u00f3gica. O estado fechou no \u00faltimo s\u00e1bado com 97 \u00f3bitos por semana epidemiol\u00f3gica, sendo o menor n\u00famero de \u00f3bitos das \u00faltimas 10 semanas&#8221;, avaliou o secret\u00e1rio Fabr\u00edcio Marques.<\/p>\n<p>Na coletiva, o governador refor\u00e7ou que apesar do avan\u00e7o, as pessoas devem continuar adotando todas as medidas de prote\u00e7\u00e3o. Disse ainda que haver\u00e1 refor\u00e7o na fiscaliza\u00e7\u00e3o nas ruas e que ser\u00e1 feito um trabalho em parceria com a prefeitura de Macei\u00f3.<\/p>\n<p>&#8220;Estamos melhorando, estamos vencendo juntos e precisamos continuar com as medidas de isolamento, com as medidas de higiene pessoal e com o uso de m\u00e1scaras&#8221;, explicou.<\/p>\n<p>O governador falou tamb\u00e9m da possibilidade de mudar a metodologia de avalia\u00e7\u00e3o da situa\u00e7\u00e3o epidemiol\u00f3gica j\u00e1 que at\u00e9 ent\u00e3o os decretos estavam tendo validade de 15 dias e sendo renovados. Agora, essa avalia\u00e7\u00e3o poder\u00e1 ser semanal.<\/p>\n<p>&#8220;N\u00f3s est\u00e1vamos fazendo decreto de 15 em 15 dias. Como o estado vem avan\u00e7ando, n\u00f3s vamos verificar a possibilidade de uma rean\u00e1lise, a partir de agora, semana a semana para dar mais agilidade nas decis\u00f5es e para evoluir ou regredir de maneira mais \u00e1gil, dependendo do comportamento da pandemia no nosso estado, ou permanecer&#8221;, avaliou.<\/p>\n<p>Sobre o rein\u00edcio das aulas, Renan Filho disse que ainda n\u00e3o h\u00e1 defini\u00e7\u00e3o e a retomada para os alunos est\u00e1 sendo analisada. &#8220;Final do m\u00eas de agosto, in\u00edcio do m\u00eas de setembro. Mas ainda est\u00e1 em an\u00e1lise como ser\u00e1. Nos pr\u00f3ximos dias vamos discutir isso cada vez mais com a sociedade alagoana&#8221;, informou.<\/p>\n<p>Munic\u00edpios que passam da fase vermelha para a fase laranja<\/p>\n<p>Atalaia<br \/>\nBarra de Santo Ant\u00f4nio<br \/>\nBarra de S\u00e3o Miguel<br \/>\nCoqueiro Seco<br \/>\nFlexeiras<br \/>\nMarechal Deodoro<br \/>\nMessias<br \/>\nParipueira<br \/>\nPilar<br \/>\nRio Largo<br \/>\nSatuba<br \/>\nSanta Luzia do Norte<br \/>\nJacu\u00edpe<br \/>\nJaparatinga<br \/>\nMaragogi<br \/>\nPasso de Camaragibe<br \/>\nMatriz de Camaragibe<br \/>\nPorto Calvo<br \/>\nPorto de Pedras<br \/>\nS\u00e3o Lu\u00eds do Quitunde<br \/>\nS\u00e3o Miguel dos Milagres<\/p>\n<p>Sobre a libera\u00e7\u00e3o do transporte intermunicipal, Renan Filho disse que o servi\u00e7o poder\u00e1 ser retomado em Macei\u00f3 mas que ainda haver\u00e1 uma avalia\u00e7\u00e3o da situa\u00e7\u00e3o nos pr\u00f3ximos dias para que volte a funcionar de maneira segura para o usu\u00e1rio e com a ado\u00e7\u00e3o de um protocolo r\u00edgido que est\u00e1 sendo criado junto a Arsal e ao Gabinete Civil.<\/p>\n<p>&#8220;As pessoas precisam retomar de maneira segura o transporte. N\u00f3s estamos discutindo isso, inclusive o estado est\u00e1 levando em considera\u00e7\u00e3o a possibilidade de fazer testes em todos os motoristas de transporte complementar e cobradores e a gente inicie o transporte de maneira segura com todo mundo que trabalha testado&#8221;, disse ele.<\/p>\n<p>&nbsp;<\/p>\n<p><strong>Fonte: G1\/AL<\/strong><\/p>\n<p>&nbsp;<\/p>\n","protected":false},"excerpt":{"rendered":"<p>O governo de Alagoas anunciou nesta ter\u00e7a-feira (14) um novo decreto de emerg\u00eancia pela pandemia do novo coronav\u00edrus. O documento muda mais uma vez as regras de isolamento e flexibiliza funcionamento de novos servi\u00e7os n\u00e3o essenciais em Macei\u00f3 e parte dos munic\u00edpios da regi\u00e3o Metropolitana e da regi\u00e3o Norte. A data da reabertura n\u00e3o tinha &hellip;<\/p>\n","protected":false},"author":1,"featured_media":7971,"comment_status":"open","ping_status":"open","sticky":false,"template":"","format":"standard","meta":{"_jetpack_newsletter_access":"","_jetpack_dont_email_post_to_subs":false,"_jetpack_newsletter_tier_id":0,"_jetpack_memberships_contains_paywalled_content":false,"_jetpack_memberships_contains_paid_content":false,"footnotes":""},"categories":[1],"tags":[],"class_list":["post-7972","post","type-post","status-publish","format-standard","has-post-thumbnail","hentry","category-destaque"],"jetpack_sharing_enabled":true,"jetpack_featured_media_url":"","_links":{"self":[{"href":"https:\/\/www.oparanews.com.br\/index.php\/wp-json\/wp\/v2\/posts\/7972","targetHints":{"allow":["GET"]}}],"collection":[{"href":"https:\/\/www.oparanews.com.br\/index.php\/wp-json\/wp\/v2\/posts"}],"about":[{"href":"https:\/\/www.oparanews.com.br\/index.php\/wp-json\/wp\/v2\/types\/post"}],"author":[{"embeddable":true,"href":"https:\/\/www.oparanews.com.br\/index.php\/wp-json\/wp\/v2\/users\/1"}],"replies":[{"embeddable":true,"href":"https:\/\/www.oparanews.com.br\/index.php\/wp-json\/wp\/v2\/comments?post=7972"}],"version-history":[{"count":0,"href":"https:\/\/www.oparanews.com.br\/index.php\/wp-json\/wp\/v2\/posts\/7972\/revisions"}],"wp:attachment":[{"href":"https:\/\/www.oparanews.com.br\/index.php\/wp-json\/wp\/v2\/media?parent=7972"}],"wp:term":[{"taxonomy":"category","embeddable":true,"href":"https:\/\/www.oparanews.com.br\/index.php\/wp-json\/wp\/v2\/categories?post=7972"},{"taxonomy":"post_tag","embeddable":true,"href":"https:\/\/www.oparanews.com.br\/index.php\/wp-json\/wp\/v2\/tags?post=7972"}],"curies":[{"name":"wp","href":"https:\/\/api.w.org\/{rel}","templated":true}]}}