{"id":7977,"date":"2020-07-15T00:33:58","date_gmt":"2020-07-15T00:33:58","guid":{"rendered":"https:\/\/oparanews.com.br\/?p=7977"},"modified":"2020-07-15T00:33:58","modified_gmt":"2020-07-15T00:33:58","slug":"governo-permite-recontratacao-de-demitidos-antes-de-90-dias","status":"publish","type":"post","link":"https:\/\/www.oparanews.com.br\/index.php\/2020\/07\/15\/governo-permite-recontratacao-de-demitidos-antes-de-90-dias\/","title":{"rendered":"Governo permite recontrata\u00e7\u00e3o de demitidos antes de 90 dias"},"content":{"rendered":"<p>O governo federal autorizou empresas a recontratarem empregados demitidos sem justa causa durante a pandemia do novo coronav\u00edrus antes mesmo de se completarem 90 dias da rescis\u00e3o sem que isso se configure uma pr\u00e1tica fraudulenta, como diz a regra atual, que data de 1992.<\/p>\n<p>A flexibiliza\u00e7\u00e3o vale s\u00f3 enquanto durar o estado de calamidade p\u00fablica decorrente da pandemia e foi publicada nesta tarde em edi\u00e7\u00e3o extra do Di\u00e1rio Oficial da Uni\u00e3o (DOU), em portaria assinada pelo secret\u00e1rio especial de Previd\u00eancia e Trabalho do Minist\u00e9rio da Economia, Bruno Bianco.<\/p>\n<p>&#8220;Durante o estado de calamidade p\u00fablica de que trata o Decreto Legislativo n\u00ba 6, de 20 de mar\u00e7o de 2020, n\u00e3o se presumir\u00e1 fraudulenta a rescis\u00e3o de contrato de trabalho sem justa causa seguida de recontrata\u00e7\u00e3o dentro dos noventa dias subsequentes \u00e0 data em que formalmente a rescis\u00e3o se operou, desde que mantidos os mesmos termos do contrato rescindido&#8221;, estabelece a portaria.<\/p>\n<p>&#8220;A recontrata\u00e7\u00e3o poder\u00e1 se dar em termos diversos do contrato rescindido quando houver previs\u00e3o nesse sentido em instrumento decorrente de negocia\u00e7\u00e3o coletiva&#8221;, acrescenta.<\/p>\n<p>A portaria j\u00e1 est\u00e1 em vigor e seus efeitos podem retroagir \u00e0 data de 20 de mar\u00e7o de 2020, quando foi editado o decreto de calamidade p\u00fablica.<\/p>\n<p>&nbsp;<\/p>\n<p><strong>Fonte: Terra<\/strong><\/p>\n<p>&nbsp;<\/p>\n","protected":false},"excerpt":{"rendered":"<p>O governo federal autorizou empresas a recontratarem empregados demitidos sem justa causa durante a pandemia do novo coronav\u00edrus antes mesmo de se completarem 90 dias da rescis\u00e3o sem que isso se configure uma pr\u00e1tica fraudulenta, como diz a regra atual, que data de 1992. A flexibiliza\u00e7\u00e3o vale s\u00f3 enquanto durar o estado de calamidade p\u00fablica &hellip;<\/p>\n","protected":false},"author":1,"featured_media":7978,"comment_status":"open","ping_status":"open","sticky":false,"template":"","format":"standard","meta":{"_jetpack_newsletter_access":"","_jetpack_dont_email_post_to_subs":false,"_jetpack_newsletter_tier_id":0,"_jetpack_memberships_contains_paywalled_content":false,"_jetpack_memberships_contains_paid_content":false,"footnotes":""},"categories":[1],"tags":[],"class_list":["post-7977","post","type-post","status-publish","format-standard","has-post-thumbnail","hentry","category-destaque"],"jetpack_sharing_enabled":true,"jetpack_featured_media_url":"","_links":{"self":[{"href":"https:\/\/www.oparanews.com.br\/index.php\/wp-json\/wp\/v2\/posts\/7977","targetHints":{"allow":["GET"]}}],"collection":[{"href":"https:\/\/www.oparanews.com.br\/index.php\/wp-json\/wp\/v2\/posts"}],"about":[{"href":"https:\/\/www.oparanews.com.br\/index.php\/wp-json\/wp\/v2\/types\/post"}],"author":[{"embeddable":true,"href":"https:\/\/www.oparanews.com.br\/index.php\/wp-json\/wp\/v2\/users\/1"}],"replies":[{"embeddable":true,"href":"https:\/\/www.oparanews.com.br\/index.php\/wp-json\/wp\/v2\/comments?post=7977"}],"version-history":[{"count":0,"href":"https:\/\/www.oparanews.com.br\/index.php\/wp-json\/wp\/v2\/posts\/7977\/revisions"}],"wp:attachment":[{"href":"https:\/\/www.oparanews.com.br\/index.php\/wp-json\/wp\/v2\/media?parent=7977"}],"wp:term":[{"taxonomy":"category","embeddable":true,"href":"https:\/\/www.oparanews.com.br\/index.php\/wp-json\/wp\/v2\/categories?post=7977"},{"taxonomy":"post_tag","embeddable":true,"href":"https:\/\/www.oparanews.com.br\/index.php\/wp-json\/wp\/v2\/tags?post=7977"}],"curies":[{"name":"wp","href":"https:\/\/api.w.org\/{rel}","templated":true}]}}