{"id":7980,"date":"2020-07-15T00:36:43","date_gmt":"2020-07-15T00:36:43","guid":{"rendered":"https:\/\/oparanews.com.br\/?p=7980"},"modified":"2020-07-15T00:36:43","modified_gmt":"2020-07-15T00:36:43","slug":"planos-de-saude-nao-sao-obrigados-a-cobrir-teste-de-covid-19","status":"publish","type":"post","link":"https:\/\/www.oparanews.com.br\/index.php\/2020\/07\/15\/planos-de-saude-nao-sao-obrigados-a-cobrir-teste-de-covid-19\/","title":{"rendered":"Planos de sa\u00fade n\u00e3o s\u00e3o obrigados a cobrir teste de covid-19"},"content":{"rendered":"<p>A Ag\u00eancia Nacional de Sa\u00fade Suplementar (ANS) conseguiu na Justi\u00e7a suspender efeitos da medida cautelar proferida em a\u00e7\u00e3o civil p\u00fablica que obrigava planos de sa\u00fade a cobrir o teste sorol\u00f3gico para detectar a infec\u00e7\u00e3o pelo novo coronav\u00edrus. A decis\u00e3o \u00e9 tempor\u00e1ria.<\/p>\n<p>O exame avalia se h\u00e1 a presen\u00e7a dos anticorpos IgA, IgG ou IgM no sangue de pacientes que foram expostos ao v\u00edrus. A ANS informa que est\u00e1 mantida a Resolu\u00e7\u00e3o Normativa n\u00ba 458, publicada em junho no Di\u00e1rio Oficial, e garante a cobertura.<\/p>\n<p>A Associa\u00e7\u00e3o de Defesa dos Usu\u00e1rios de Seguros, Planos e Sistemas de Sa\u00fade (Aduseps), que entrou com a a\u00e7\u00e3o civil para obrigar a cobertura, disse que a atitude da ANS \u00e9 uma &#8220;afronta&#8221;. &#8220;A atitude da ANS em ingressar com um Agravo de Instrumento para derrubar a liminar \u00e9 uma afronta, uma falta de respeito aos consumidores que pagam pelos seus planos e seguros de sa\u00fade.&#8221;<\/p>\n<p>Os exames sorol\u00f3gicos atendem a uma necessidade durante essa pandemia que de acordo com a indica\u00e7\u00e3o m\u00e9dica vai dizer o n\u00edvel de anticorpos pela titula\u00e7\u00e3o do IGG e IGM. A ANS n\u00e3o considera o exame importante, pois as operadoras que devem pagar pelo procedimento da sorologia. Enquanto isso a Anvisa autoriza farm\u00e1cias e drogaria a vender testes sorol\u00f3gicos&#8221;, afirmou Ren\u00ea Patriota, coordenadora executiva da entidade, que deve entrar com recurso.<\/p>\n<p>&nbsp;<\/p>\n<p><strong>Fonte: Terra<\/strong><\/p>\n<p>&nbsp;<\/p>\n","protected":false},"excerpt":{"rendered":"<p>A Ag\u00eancia Nacional de Sa\u00fade Suplementar (ANS) conseguiu na Justi\u00e7a suspender efeitos da medida cautelar proferida em a\u00e7\u00e3o civil p\u00fablica que obrigava planos de sa\u00fade a cobrir o teste sorol\u00f3gico para detectar a infec\u00e7\u00e3o pelo novo coronav\u00edrus. A decis\u00e3o \u00e9 tempor\u00e1ria. O exame avalia se h\u00e1 a presen\u00e7a dos anticorpos IgA, IgG ou IgM no &hellip;<\/p>\n","protected":false},"author":1,"featured_media":7981,"comment_status":"open","ping_status":"open","sticky":false,"template":"","format":"standard","meta":{"_jetpack_newsletter_access":"","_jetpack_dont_email_post_to_subs":false,"_jetpack_newsletter_tier_id":0,"_jetpack_memberships_contains_paywalled_content":false,"_jetpack_memberships_contains_paid_content":false,"footnotes":""},"categories":[1],"tags":[],"class_list":["post-7980","post","type-post","status-publish","format-standard","has-post-thumbnail","hentry","category-destaque"],"jetpack_sharing_enabled":true,"jetpack_featured_media_url":"","_links":{"self":[{"href":"https:\/\/www.oparanews.com.br\/index.php\/wp-json\/wp\/v2\/posts\/7980","targetHints":{"allow":["GET"]}}],"collection":[{"href":"https:\/\/www.oparanews.com.br\/index.php\/wp-json\/wp\/v2\/posts"}],"about":[{"href":"https:\/\/www.oparanews.com.br\/index.php\/wp-json\/wp\/v2\/types\/post"}],"author":[{"embeddable":true,"href":"https:\/\/www.oparanews.com.br\/index.php\/wp-json\/wp\/v2\/users\/1"}],"replies":[{"embeddable":true,"href":"https:\/\/www.oparanews.com.br\/index.php\/wp-json\/wp\/v2\/comments?post=7980"}],"version-history":[{"count":0,"href":"https:\/\/www.oparanews.com.br\/index.php\/wp-json\/wp\/v2\/posts\/7980\/revisions"}],"wp:attachment":[{"href":"https:\/\/www.oparanews.com.br\/index.php\/wp-json\/wp\/v2\/media?parent=7980"}],"wp:term":[{"taxonomy":"category","embeddable":true,"href":"https:\/\/www.oparanews.com.br\/index.php\/wp-json\/wp\/v2\/categories?post=7980"},{"taxonomy":"post_tag","embeddable":true,"href":"https:\/\/www.oparanews.com.br\/index.php\/wp-json\/wp\/v2\/tags?post=7980"}],"curies":[{"name":"wp","href":"https:\/\/api.w.org\/{rel}","templated":true}]}}