{"id":7983,"date":"2020-07-15T10:21:30","date_gmt":"2020-07-15T10:21:30","guid":{"rendered":"https:\/\/oparanews.com.br\/?p=7983"},"modified":"2020-07-15T10:21:30","modified_gmt":"2020-07-15T10:21:30","slug":"acoes-solidarias-diminuem-o-impacto-da-pandemia-da-covid-19-na-regiao-norte","status":"publish","type":"post","link":"https:\/\/www.oparanews.com.br\/index.php\/2020\/07\/15\/acoes-solidarias-diminuem-o-impacto-da-pandemia-da-covid-19-na-regiao-norte\/","title":{"rendered":"A\u00e7\u00f5es solid\u00e1rias diminuem o impacto da pandemia da Covid-19 na Regi\u00e3o Norte"},"content":{"rendered":"<p>A pandemia do novo coronav\u00edrus exibe os piores aspectos da desigualdade extrema. A crise sanit\u00e1ria provocada pela Covid-19 e as medidas tomadas para mitigar o seu impacto est\u00e3o causando um rompimento profundo e sem precedentes nas atividades econ\u00f4micas, levando as popula\u00e7\u00f5es mais carentes a um decl\u00ednio severo das suas rendas.<strong><br \/>\n<\/strong><br \/>\nCrises sanit\u00e1rias como a atual afetam principalmente os pa\u00edses que t\u00eam uma alta propor\u00e7\u00e3o de trabalhadores em empregos informais, com acesso limitado aos servi\u00e7os de prote\u00e7\u00e3o social, como \u00e9 o caso do Brasil. Sem pol\u00edticas adequadas, a popula\u00e7\u00e3o muitas vezes depende da solidariedade e da empatia de terceiros para recuperar seus meios de subsist\u00eancia, inclusive os mais essenciais, como <u><a href=\"https:\/\/www.jackpotcitycasino.com\/brazil\/blog\/a-dieta-genetica-do-dnanudge\/\">manter uma alimenta\u00e7\u00e3o saud\u00e1vel<\/a><\/u> ou seguir os protocolos de higiene e saneamento recomendados pelos \u00f3rg\u00e3os de sa\u00fade.<strong><\/p>\n<p><\/strong>A realidade, duramente imposta neste ano de 2020, poder\u00e1 ser um marco para a cria\u00e7\u00e3o de uma cultura de solidariedade e incentivo \u00e0s doa\u00e7\u00f5es. Muitas vezes, essas iniciativas de apoio e filantropia desempenham um papel vital na sociedade, como a \u00fanica forma de garantir condi\u00e7\u00f5es b\u00e1sicas para a popula\u00e7\u00e3o de maior fragilidade, evitando que caiam mais profundamente na pobreza.<\/p>\n<p>Estados do Norte do Brasil, fortemente atingidos pela Covid-19, d\u00e3o exemplos de diversas a\u00e7\u00f5es solid\u00e1rias lideradas por grandes empresas, igrejas, restaurantes, iniciativas e mutir\u00f5es organizados pela pr\u00f3pria popula\u00e7\u00e3o. <strong><\/p>\n<p><\/strong>No Amazonas, estado que j\u00e1 registrou mais de 80 mil casos da Covid-19, nota-se a solidariedade de v\u00e1rios setores da sociedade e da economia. Organiza\u00e7\u00f5es, institutos e movimentos sociais da capital, Manaus, organizam mutir\u00f5es e fazem chegar alimentos, produtos de higiene e limpeza (\u00e1lcool gel), equipamentos de prote\u00e7\u00e3o individual (m\u00e1scaras) at\u00e9 as comunidades carentes.<strong><br \/>\n<\/strong><br \/>\nUma dessas a\u00e7\u00f5es \u00e9 realizada pela Caritas Arquidiocese de Manaus, que d\u00e1 suporte a moradores de rua, catadores de material recicl\u00e1vel, migrantes e ind\u00edgenas atrav\u00e9s do projeto solid\u00e1rio \u201cPuxirum Manauara\u201d. A campanha da Caritas, em parceria com outras institui\u00e7\u00f5es, tem a finalidade de arrecadar recursos, itens de higiene, alimentos n\u00e3o-perec\u00edveis, \u00e1lcool 70%, entre outros artigos para serem distribu\u00eddos \u00e0 essa popula\u00e7\u00e3o.<\/p>\n<p>Al\u00e9m disso, uma parte da arrecada\u00e7\u00e3o \u00e9 destinada ao pagamento de aluguel social a 300 fam\u00edlias (migrantes e nacionais). Os grupos s\u00e3o atendidos pela Pastoral do Migrante, pela Pastoral do Povo de Rua e pela C\u00e1ritas Arquidiocesana de Manaus. As doa\u00e7\u00f5es podem ser feitas na sede da Caritas ou por transfer\u00eancia banc\u00e1ria.<strong><\/p>\n<p><\/strong>Outra a\u00e7\u00e3o de valor no Amazonas foi desenvolvida pela Global Shapers, comunidade que faz parte do <u><a href=\"https:\/\/g1.globo.com\/economia\/noticia\/2020\/01\/20\/cinco-coisas-para-saber-sobre-o-forum-economico-mundial-de-davos.ghtml\">F\u00f3rum Econ\u00f4mico Mundial<\/a><\/u>. Seus membros criaram uma rede de apoio que cadastra m\u00e9dicos e psic\u00f3logos volunt\u00e1rios para oferecer ajuda a quem precisa, atendendo remotamente a popula\u00e7\u00e3o por meio da Internet. Al\u00e9m disso, <u><a href=\"https:\/\/oparanews.com.br\/semed-penedo-entrega-alimentos-na-casa-da-familia-de-estudante-da-rede-publica\/\">a organiza\u00e7\u00e3o entrega alimentos<\/a><\/u> e produtos de higiene e limpeza.<strong><\/p>\n<p><\/strong>Em Manaus ainda existem as iniciativas individuais, como a do publicit\u00e1rio Arnaldo Rocha, que recolhe alimentos para as pessoas de baixa renda e distribui ra\u00e7\u00e3o para animais em toda a capital amazonense. O volunt\u00e1rio recebe as inten\u00e7\u00f5es das doa\u00e7\u00f5es por meio do seu Instagram @arnaldorocha, depois recolhe e distribui pessoalmente aos mais necessitados.<strong><\/p>\n<p><\/strong>J\u00e1 no Par\u00e1, a companhia Vale, al\u00e9m de adotar medidas mais rigorosas para refor\u00e7ar a preven\u00e7\u00e3o da Covid-19 nas suas unidades operacionais, t\u00eam se mobilizado em v\u00e1rias frentes para combater os efeitos da pandemia no Norte do Pa\u00eds. A mineradora est\u00e1 empenhada na constru\u00e7\u00e3o do hospital de campanha de Parauapebas, na reforma de hospitais, na compra de equipamentos hospitalares, itens de prote\u00e7\u00e3o individual para profissionais de sa\u00fade, testes de diagn\u00f3sticos, e doa\u00e7\u00e3o de materiais de limpeza e higieniza\u00e7\u00e3o. Nas \u00faltimas remessas, a empresa destinou 408 mil itens de equipamentos de prote\u00e7\u00e3o individual (EPI) e 30 mil kits de testes r\u00e1pidos, distribu\u00eddos atrav\u00e9s do governo do Estado.<br \/>\n<strong><br \/>\n<\/strong>O Grupo Equatorial Energia tamb\u00e9m tem se dedicado \u00e0 diversas frentes de atua\u00e7\u00e3o para conter o avan\u00e7o da pandemia, com iniciativas em todo o Estado do Par\u00e1. A distribuidora entregou 45 toneladas de alimentos para fam\u00edlias carentes que perderam suas rendas, por conta da interrup\u00e7\u00e3o das suas atividades profissionais. Al\u00e9m disso, doou milhares de litros de \u00e1gua sanit\u00e1ria e de detergente para ajudar na higieniza\u00e7\u00e3o, apoiando o combate \u00e0 propaga\u00e7\u00e3o do v\u00edrus. A Equatorial Energia est\u00e1 comprometida em garantir a continuidade dos seus servi\u00e7os e segue atuando junto ao Governo em solidariedade \u00e0s fam\u00edlias paraenses que necessitam de apoio.<strong><br \/>\n<\/strong><br \/>\nTamb\u00e9m no Par\u00e1, muitas empresas de grande porte v\u00eam se mobilizando com a\u00e7\u00f5es fundamentais desde o in\u00edcio da pandemia. Entre elas est\u00e3o Jari Celulose, Sindicato da Ind\u00fastria da Constru\u00e7\u00e3o do Estados do Par\u00e1 (Sinduscon-PA), Magazine Luiza, Sococo, Grupo Sim\u00f5es, Ortobom, Sol Inform\u00e1tica, Produtos Gama Lopes, Supermercados Formosa e L\u00edder e Hydro Alunorte. As doa\u00e7\u00f5es v\u00e3o desde cestas b\u00e1sicas de alimentos e produtos de higiene, at\u00e9 colch\u00f5es e aventais para uso hospitalar. O Governo do Estado recebe e distribui os itens, que auxiliam fam\u00edlias, profissionais de sa\u00fade e pessoas em situa\u00e7\u00e3o de vulnerabilidade.<strong><br \/>\n<\/strong><br \/>\nA Regi\u00e3o Norte, maior do Brasil, formada pelos estados do Acre, Amap\u00e1, Amazonas, Par\u00e1, Rond\u00f4nia, Roraima e Tocantins, tem uma popula\u00e7\u00e3o de 18.407.691 habitantes. Segundo dados publicados pelo Minist\u00e9rio da Sa\u00fade, em sua <a href=\"https:\/\/covid.saude.gov.br\/\">p\u00e1gina sobre a Covid-19<\/a> no Brasil, o total de casos do novo coronav\u00edrus na regi\u00e3o \u00e9 de 323.717, com 10.552 \u00f3bitos. Este n\u00famero corresponde a 57 \u00f3bitos para cada 100 mil habitantes, o maior do Pa\u00eds, seguido pelo Nordeste, com 41 \u00f3bitos e pelo Sudeste, com 37.<strong><\/p>\n<p><\/strong><\/p>\n","protected":false},"excerpt":{"rendered":"<p>A pandemia do novo coronav\u00edrus exibe os piores aspectos da desigualdade extrema. A crise sanit\u00e1ria provocada pela Covid-19 e as medidas tomadas para mitigar o seu impacto est\u00e3o causando um rompimento profundo e sem precedentes nas atividades econ\u00f4micas, levando as popula\u00e7\u00f5es mais carentes a um decl\u00ednio severo das suas rendas. Crises sanit\u00e1rias como a atual &hellip;<\/p>\n","protected":false},"author":1,"featured_media":7984,"comment_status":"open","ping_status":"open","sticky":false,"template":"","format":"standard","meta":{"_jetpack_newsletter_access":"","_jetpack_dont_email_post_to_subs":false,"_jetpack_newsletter_tier_id":0,"_jetpack_memberships_contains_paywalled_content":false,"_jetpack_memberships_contains_paid_content":false,"footnotes":""},"categories":[1],"tags":[],"class_list":["post-7983","post","type-post","status-publish","format-standard","has-post-thumbnail","hentry","category-destaque"],"jetpack_sharing_enabled":true,"jetpack_featured_media_url":"","_links":{"self":[{"href":"https:\/\/www.oparanews.com.br\/index.php\/wp-json\/wp\/v2\/posts\/7983","targetHints":{"allow":["GET"]}}],"collection":[{"href":"https:\/\/www.oparanews.com.br\/index.php\/wp-json\/wp\/v2\/posts"}],"about":[{"href":"https:\/\/www.oparanews.com.br\/index.php\/wp-json\/wp\/v2\/types\/post"}],"author":[{"embeddable":true,"href":"https:\/\/www.oparanews.com.br\/index.php\/wp-json\/wp\/v2\/users\/1"}],"replies":[{"embeddable":true,"href":"https:\/\/www.oparanews.com.br\/index.php\/wp-json\/wp\/v2\/comments?post=7983"}],"version-history":[{"count":0,"href":"https:\/\/www.oparanews.com.br\/index.php\/wp-json\/wp\/v2\/posts\/7983\/revisions"}],"wp:attachment":[{"href":"https:\/\/www.oparanews.com.br\/index.php\/wp-json\/wp\/v2\/media?parent=7983"}],"wp:term":[{"taxonomy":"category","embeddable":true,"href":"https:\/\/www.oparanews.com.br\/index.php\/wp-json\/wp\/v2\/categories?post=7983"},{"taxonomy":"post_tag","embeddable":true,"href":"https:\/\/www.oparanews.com.br\/index.php\/wp-json\/wp\/v2\/tags?post=7983"}],"curies":[{"name":"wp","href":"https:\/\/api.w.org\/{rel}","templated":true}]}}