{"id":8015,"date":"2020-07-17T01:16:51","date_gmt":"2020-07-17T01:16:51","guid":{"rendered":"https:\/\/oparanews.com.br\/?p=8015"},"modified":"2020-07-17T01:16:51","modified_gmt":"2020-07-17T01:16:51","slug":"alagoas-tem-48-734-casos-confirmados-e-1-348-mortes-causadas-por-covid-19","status":"publish","type":"post","link":"https:\/\/www.oparanews.com.br\/index.php\/2020\/07\/17\/alagoas-tem-48-734-casos-confirmados-e-1-348-mortes-causadas-por-covid-19\/","title":{"rendered":"Alagoas tem 48.734 casos confirmados e 1.348 mortes causadas por Covid-19"},"content":{"rendered":"<p>O n\u00famero de casos confirmados da Covid-19 em Alagoas subiu para 48.734 e o de mortes, para 1.348. Os dados foram divulgado pela Secretaria de Estado da Sa\u00fade (Sesau) nesta quinta-feira (16). Nas \u00faltimas 24 horas, o estado confirmou 770 novos casos e mais 17 mortes.<\/p>\n<p>Segundo o boletim epidemiol\u00f3gico, 42.051 pessoas conseguiram se recuperar da doen\u00e7a. Os casos suspeitos s\u00e3o 1.291.<\/p>\n<p>A atualiza\u00e7\u00e3o dos leitos exclusivos para pacientes com suspeita ou confirma\u00e7\u00e3o do v\u00edrus, feita \u00e0s 11 horas, mostra uma queda na taxa de ocupa\u00e7\u00e3o das UTIs, passando de 65% para 60%. Considerando os leitos intermedi\u00e1rios e cl\u00ednicos, a taxa de ocupa\u00e7\u00e3o \u00e9 de 38%.<\/p>\n<p>Mais 17 mortes por Covid-19<\/p>\n<p>Macei\u00f3: Homem, 60 anos, diab\u00e9tico<br \/>\nMacei\u00f3: Homem, 75 anos, hipertenso<br \/>\nMacei\u00f3: Mulher, 77 anos, diab\u00e9tica<br \/>\nMacei\u00f3: Mulher, 61 anos, hipertensa<br \/>\nMacei\u00f3: Mulher, 62 anos, sem comorbidades<br \/>\nArapiraca: Mulher, 81 anos, sem comorbidades<br \/>\nArapiraca: Homem, 52 anos, sem comorbidades<br \/>\nAnadia: Mulher, 87 anos, sem comorbidades<br \/>\nBoca da Mata: Mulher, 99 anos, sem comorbidades<br \/>\nCoruripe: Homem, 68 anos, sem comorbidades<br \/>\nMessias: Homem, 56 anos, obeso<br \/>\nMurici: Homem, 64 anos, diab\u00e9tico<br \/>\nOlho D&#8217;\u00c1gua das Flores: Mulher, 30 anos, sem comorbidades<br \/>\nParipueira: Mulher, 65 anos, diab\u00e9tica<br \/>\nS\u00e3o Miguel dos Milagres: Homem, 46 anos, hipertenso<br \/>\nS\u00e3o Sebasti\u00e3o: Mulher, 89 anos, diab\u00e9tica<br \/>\nTeot\u00f4nio Vilela: Mulher, 60 anos, hipertensa<\/p>\n<p>&nbsp;<\/p>\n<p><strong>Fonte: G1\/AL<\/strong><\/p>\n<p>&nbsp;<\/p>\n","protected":false},"excerpt":{"rendered":"<p>O n\u00famero de casos confirmados da Covid-19 em Alagoas subiu para 48.734 e o de mortes, para 1.348. Os dados foram divulgado pela Secretaria de Estado da Sa\u00fade (Sesau) nesta quinta-feira (16). Nas \u00faltimas 24 horas, o estado confirmou 770 novos casos e mais 17 mortes. Segundo o boletim epidemiol\u00f3gico, 42.051 pessoas conseguiram se recuperar &hellip;<\/p>\n","protected":false},"author":1,"featured_media":8016,"comment_status":"open","ping_status":"open","sticky":false,"template":"","format":"standard","meta":{"_jetpack_newsletter_access":"","_jetpack_dont_email_post_to_subs":false,"_jetpack_newsletter_tier_id":0,"_jetpack_memberships_contains_paywalled_content":false,"_jetpack_memberships_contains_paid_content":false,"footnotes":""},"categories":[1],"tags":[],"class_list":["post-8015","post","type-post","status-publish","format-standard","has-post-thumbnail","hentry","category-destaque"],"jetpack_sharing_enabled":true,"jetpack_featured_media_url":"","_links":{"self":[{"href":"https:\/\/www.oparanews.com.br\/index.php\/wp-json\/wp\/v2\/posts\/8015","targetHints":{"allow":["GET"]}}],"collection":[{"href":"https:\/\/www.oparanews.com.br\/index.php\/wp-json\/wp\/v2\/posts"}],"about":[{"href":"https:\/\/www.oparanews.com.br\/index.php\/wp-json\/wp\/v2\/types\/post"}],"author":[{"embeddable":true,"href":"https:\/\/www.oparanews.com.br\/index.php\/wp-json\/wp\/v2\/users\/1"}],"replies":[{"embeddable":true,"href":"https:\/\/www.oparanews.com.br\/index.php\/wp-json\/wp\/v2\/comments?post=8015"}],"version-history":[{"count":0,"href":"https:\/\/www.oparanews.com.br\/index.php\/wp-json\/wp\/v2\/posts\/8015\/revisions"}],"wp:attachment":[{"href":"https:\/\/www.oparanews.com.br\/index.php\/wp-json\/wp\/v2\/media?parent=8015"}],"wp:term":[{"taxonomy":"category","embeddable":true,"href":"https:\/\/www.oparanews.com.br\/index.php\/wp-json\/wp\/v2\/categories?post=8015"},{"taxonomy":"post_tag","embeddable":true,"href":"https:\/\/www.oparanews.com.br\/index.php\/wp-json\/wp\/v2\/tags?post=8015"}],"curies":[{"name":"wp","href":"https:\/\/api.w.org\/{rel}","templated":true}]}}