{"id":8029,"date":"2020-07-17T02:05:33","date_gmt":"2020-07-17T02:05:33","guid":{"rendered":"https:\/\/oparanews.com.br\/?p=8029"},"modified":"2020-07-17T02:05:33","modified_gmt":"2020-07-17T02:05:33","slug":"segunda-nuvem-de-gafanhotos-se-forma-no-paraguai","status":"publish","type":"post","link":"https:\/\/www.oparanews.com.br\/index.php\/2020\/07\/17\/segunda-nuvem-de-gafanhotos-se-forma-no-paraguai\/","title":{"rendered":"Segunda nuvem de gafanhotos se forma no Paraguai"},"content":{"rendered":"<p>O Minist\u00e9rio da Agricultura informou nesta quinta-feira (16), em uma transmiss\u00e3o pela internet, que mais uma nuvem de gafanhotos est\u00e1 se formando em Teniente Pico, no Paraguai, com risco prov\u00e1vel de deslocamento para os estados do Mato Grosso do Sul e do Paran\u00e1.<\/p>\n<p>\u00c9 o segundo grupo da praga que amea\u00e7a planta\u00e7\u00f5es brasileiras neste ano. Uma outra nuvem segue na prov\u00edncia de Corrientes, na Argentina. T\u00e9cnicos do Servi\u00e7o Nacional de Sa\u00fade e Qualidade Agroalimentar do pa\u00eds vizinho monitoram a nuvem, que se encontra a cerca de 160 km da fronteira com o Rio Grande do Sul. A equipe do Senasa conseguiu reduzir parte da popula\u00e7\u00e3o de insetos.<\/p>\n<p>A nuvem se moveu pouco nos \u00faltimos dias por causa das baixas temperaturas. Ela est\u00e1 pr\u00f3xima \u00e0 Rota 30, em \u00e1rea pr\u00f3xima ao rio \u00c1valos. A pulveriza\u00e7\u00e3o de inseticida s\u00f3 pode ser feita por terra &#8211;devido ao risco de contamina\u00e7\u00e3o do c\u00f3rrego, n\u00e3o \u00e9 poss\u00edvel fazer usar avi\u00f5es agr\u00edcolas.<\/p>\n<p><strong>Protocolos<\/strong><\/p>\n<p>Nesta quinta-feira, o minist\u00e9rio anunciou a elabora\u00e7\u00e3o de protocolos para conter a praga, inspirado na experi\u00eancia da Argentina, com foco no monitoramento da movimenta\u00e7\u00e3o dos gafanhotos e disponibiliza\u00e7\u00e3o de uso de produtos qu\u00edmicos necess\u00e1rios para combater o inseto.<\/p>\n<p>Segundo o coordenador do Programa de Controle de Gafanhotos do Senasa, Hector Medina, a forma mais eficiente de controlar a praga \u00e9 combat\u00ea-la quando os insetos ainda n\u00e3o conseguem voar, apenas saltar, e, quando poss\u00edvel, exterminar locais onde as f\u00eameas p\u00f5em ovos.<\/p>\n<p>&nbsp;<\/p>\n<p><strong>Fonte: CNN Brasil<\/strong><\/p>\n<p>&nbsp;<\/p>\n","protected":false},"excerpt":{"rendered":"<p>O Minist\u00e9rio da Agricultura informou nesta quinta-feira (16), em uma transmiss\u00e3o pela internet, que mais uma nuvem de gafanhotos est\u00e1 se formando em Teniente Pico, no Paraguai, com risco prov\u00e1vel de deslocamento para os estados do Mato Grosso do Sul e do Paran\u00e1. \u00c9 o segundo grupo da praga que amea\u00e7a planta\u00e7\u00f5es brasileiras neste ano. &hellip;<\/p>\n","protected":false},"author":1,"featured_media":8030,"comment_status":"open","ping_status":"open","sticky":false,"template":"","format":"standard","meta":{"_jetpack_newsletter_access":"","_jetpack_dont_email_post_to_subs":false,"_jetpack_newsletter_tier_id":0,"_jetpack_memberships_contains_paywalled_content":false,"_jetpack_memberships_contains_paid_content":false,"footnotes":""},"categories":[1],"tags":[],"class_list":["post-8029","post","type-post","status-publish","format-standard","has-post-thumbnail","hentry","category-destaque"],"jetpack_sharing_enabled":true,"jetpack_featured_media_url":"","_links":{"self":[{"href":"https:\/\/www.oparanews.com.br\/index.php\/wp-json\/wp\/v2\/posts\/8029","targetHints":{"allow":["GET"]}}],"collection":[{"href":"https:\/\/www.oparanews.com.br\/index.php\/wp-json\/wp\/v2\/posts"}],"about":[{"href":"https:\/\/www.oparanews.com.br\/index.php\/wp-json\/wp\/v2\/types\/post"}],"author":[{"embeddable":true,"href":"https:\/\/www.oparanews.com.br\/index.php\/wp-json\/wp\/v2\/users\/1"}],"replies":[{"embeddable":true,"href":"https:\/\/www.oparanews.com.br\/index.php\/wp-json\/wp\/v2\/comments?post=8029"}],"version-history":[{"count":0,"href":"https:\/\/www.oparanews.com.br\/index.php\/wp-json\/wp\/v2\/posts\/8029\/revisions"}],"wp:attachment":[{"href":"https:\/\/www.oparanews.com.br\/index.php\/wp-json\/wp\/v2\/media?parent=8029"}],"wp:term":[{"taxonomy":"category","embeddable":true,"href":"https:\/\/www.oparanews.com.br\/index.php\/wp-json\/wp\/v2\/categories?post=8029"},{"taxonomy":"post_tag","embeddable":true,"href":"https:\/\/www.oparanews.com.br\/index.php\/wp-json\/wp\/v2\/tags?post=8029"}],"curies":[{"name":"wp","href":"https:\/\/api.w.org\/{rel}","templated":true}]}}