{"id":8033,"date":"2020-07-17T02:38:16","date_gmt":"2020-07-17T02:38:16","guid":{"rendered":"https:\/\/oparanews.com.br\/?p=8033"},"modified":"2020-07-17T02:38:16","modified_gmt":"2020-07-17T02:38:16","slug":"prefeitura-de-maceio-publica-decreto-com-horarios-para-shoppings-bares-e-restaurantes","status":"publish","type":"post","link":"https:\/\/www.oparanews.com.br\/index.php\/2020\/07\/17\/prefeitura-de-maceio-publica-decreto-com-horarios-para-shoppings-bares-e-restaurantes\/","title":{"rendered":"Prefeitura de Macei\u00f3 publica Decreto com hor\u00e1rios para shoppings, bares e restaurantes"},"content":{"rendered":"<p>A Prefeitura de Macei\u00f3 divulgou nesta quinta-feira (16) o Decreto Municipal, publicado em uma edi\u00e7\u00e3o extraordin\u00e1ria do Di\u00e1rio Oficial, com as regulamenta\u00e7\u00f5es para a pr\u00f3xima fase do Distanciamento Social Controlado na capital alagoana.<\/p>\n<p>De acordo com o decreto, ficam liberadas, a partir da pr\u00f3xima segunda-feira, dia 20 de julho, as atividades previstas na Fase Amarela, do Plano elaborado pelo Governo do Estado.<\/p>\n<p>Segundo a publica\u00e7\u00e3o da Prefeitura de Macei\u00f3, bares e restaurantes devem funcionar apenas at\u00e9 a meia noite, com 50% da capacidade.<\/p>\n<p>\u201cAl\u00e9m da fiscaliza\u00e7\u00e3o nos bares faremos uma esp\u00e9cie de blitz educativa. Adotamos esse limite de hor\u00e1rio justamente para evitar que tenhamos casos de aglomera\u00e7\u00f5es durante a madrugada, cenas que temos visto em outras cidades no Brasil\u201d, disse o prefeito Rui Palmeira durante entrevista ao vivo ao programa Fique Alerta, da TV Paju\u00e7ara \/ Record TV.<\/p>\n<p>J\u00e1 os shoppings centers, galerias, centro comerciais e estabelecimentos cong\u00eaneres devem abrir das 12h \u00e0s 20h.<\/p>\n<p>A Prefeitura de Macei\u00f3 tamb\u00e9m vai liberar, a partir da pr\u00f3xima segunda-feira (20), a abertura de barracas e presen\u00e7a de ambulantes nas praias.<\/p>\n<p>De acordo com o decreto, ficam autorizados a funcionar na orla municipal, a partir da 0 (zero) hora do dia 20 de Julho de 2020 at\u00e9 enquanto perdurar a Fase Amarela (risco moderado) do Plano Estadual de Distanciamento Social Controlado, os seguintes estabelecimentos e atividades:<\/p>\n<p>&#8211; O com\u00e9rcio ambulante e dos demais prestadores de servi\u00e7o e permission\u00e1rios;<br \/>\n&#8211; Os bares, restaurantes, barracas, quiosques, mixes e food trucks;<br \/>\n&#8211; As feiras e mercados de artesanato;<br \/>\n&#8211; Os passeios tur\u00edsticos de toda ordem, realizados por pessoas f\u00edsicas ou jur\u00eddicas, em ve\u00edculos ou embarca\u00e7\u00f5es.<\/p>\n<p>&#8220;Fica autorizada a emiss\u00e3o de permiss\u00e3o de uso da faixa de areia para titulares das barracas da orla com servi\u00e7o de praia, desde que respeitadas as regras e normas vigentes, inclusive relativas ao C\u00f3digo Tribut\u00e1rio de Macei\u00f3, condicionado a espa\u00e7os n\u00e3o ocupados previamente por permission\u00e1rios regulares&#8221;, traz um trecho da publica\u00e7\u00e3o.<\/p>\n<p>Al\u00e9m disso, lembrando, estar\u00e3o autorizados a reabrir as portas as lojas ou estabelecimentos de rua acima de 400m\u00b2, sal\u00f5es de beleza e barbearias com o total da capacidade, e as igrejas podem receber os fi\u00e9is com 50% de ocupa\u00e7\u00e3o da capacidade total dos templos. J\u00e1 o transporte intermunicipal e tur\u00edstico foi liberado, com a condi\u00e7\u00e3o do servi\u00e7o atender 50% da capacidade dos ve\u00edculos. Os setores autorizados nas fases vermelha e laranja seguem tamb\u00e9m liberados.<\/p>\n<p>Segue proibida a utiliza\u00e7\u00e3o de parques infantis, brinquedos, campos e quadras, aparelhos de gin\u00e1stica, academias ao ar livre e demais equipamentos e mobili\u00e1rios de uso coletivo. Os centros e entidades n\u00e1uticas ficam autorizados a funcionar.<\/p>\n<p>Rui Palmeira refor\u00e7ou ainda que o estabelecimento da nova normalidade, bem como a retomada da economia na capital, \u00e9 um processo coletivo.<\/p>\n<p>\u201cSe houver a colabora\u00e7\u00e3o de todos, possivelmente no pr\u00f3ximo decreto n\u00f3s iremos autorizar a retomada de academias e equipamentos p\u00fablicos\u201d, adiantou.<\/p>\n<p>&nbsp;<\/p>\n<p><strong>Fonte: TNH1<\/strong><\/p>\n<p>&nbsp;<\/p>\n","protected":false},"excerpt":{"rendered":"<p>A Prefeitura de Macei\u00f3 divulgou nesta quinta-feira (16) o Decreto Municipal, publicado em uma edi\u00e7\u00e3o extraordin\u00e1ria do Di\u00e1rio Oficial, com as regulamenta\u00e7\u00f5es para a pr\u00f3xima fase do Distanciamento Social Controlado na capital alagoana. De acordo com o decreto, ficam liberadas, a partir da pr\u00f3xima segunda-feira, dia 20 de julho, as atividades previstas na Fase Amarela, &hellip;<\/p>\n","protected":false},"author":1,"featured_media":8034,"comment_status":"open","ping_status":"open","sticky":false,"template":"","format":"standard","meta":{"_jetpack_newsletter_access":"","_jetpack_dont_email_post_to_subs":false,"_jetpack_newsletter_tier_id":0,"_jetpack_memberships_contains_paywalled_content":false,"_jetpack_memberships_contains_paid_content":false,"footnotes":""},"categories":[1],"tags":[],"class_list":["post-8033","post","type-post","status-publish","format-standard","has-post-thumbnail","hentry","category-destaque"],"jetpack_sharing_enabled":true,"jetpack_featured_media_url":"","_links":{"self":[{"href":"https:\/\/www.oparanews.com.br\/index.php\/wp-json\/wp\/v2\/posts\/8033","targetHints":{"allow":["GET"]}}],"collection":[{"href":"https:\/\/www.oparanews.com.br\/index.php\/wp-json\/wp\/v2\/posts"}],"about":[{"href":"https:\/\/www.oparanews.com.br\/index.php\/wp-json\/wp\/v2\/types\/post"}],"author":[{"embeddable":true,"href":"https:\/\/www.oparanews.com.br\/index.php\/wp-json\/wp\/v2\/users\/1"}],"replies":[{"embeddable":true,"href":"https:\/\/www.oparanews.com.br\/index.php\/wp-json\/wp\/v2\/comments?post=8033"}],"version-history":[{"count":0,"href":"https:\/\/www.oparanews.com.br\/index.php\/wp-json\/wp\/v2\/posts\/8033\/revisions"}],"wp:attachment":[{"href":"https:\/\/www.oparanews.com.br\/index.php\/wp-json\/wp\/v2\/media?parent=8033"}],"wp:term":[{"taxonomy":"category","embeddable":true,"href":"https:\/\/www.oparanews.com.br\/index.php\/wp-json\/wp\/v2\/categories?post=8033"},{"taxonomy":"post_tag","embeddable":true,"href":"https:\/\/www.oparanews.com.br\/index.php\/wp-json\/wp\/v2\/tags?post=8033"}],"curies":[{"name":"wp","href":"https:\/\/api.w.org\/{rel}","templated":true}]}}