{"id":8044,"date":"2020-07-17T23:09:24","date_gmt":"2020-07-17T23:09:24","guid":{"rendered":"https:\/\/oparanews.com.br\/?p=8044"},"modified":"2020-07-17T23:09:24","modified_gmt":"2020-07-17T23:09:24","slug":"morador-de-rua-morre-esfaqueado-apos-discussao-em-arapiraca","status":"publish","type":"post","link":"https:\/\/www.oparanews.com.br\/index.php\/2020\/07\/17\/morador-de-rua-morre-esfaqueado-apos-discussao-em-arapiraca\/","title":{"rendered":"Morador de rua morre esfaqueado ap\u00f3s discuss\u00e3o em Arapiraca"},"content":{"rendered":"<p>Um morador de rua foi morto esfaqueado ap\u00f3s discuss\u00e3o enquanto bebia na quinta-feira (16) no bairro Jardim Esperan\u00e7a, em Arapiraca, no Agreste de Alagoas. O homem suspeito de ter cometido o crime foi preso.<\/p>\n<p>A Pol\u00edcia Militar foi acionada em apoio ao Samu e enviou uma equipe at\u00e9 o local, mas a v\u00edtima j\u00e1 estava morta. Sua identidade n\u00e3o foi divulgada.<\/p>\n<p>De acordo com a Pol\u00edcia Militar, testemunhas informaram que os dois homens eram moradores de rua e estavam bebendo quando se desentenderam. N\u00e3o h\u00e1, no entanto, informa\u00e7\u00f5es sobre o motivo da discuss\u00e3o.<\/p>\n<p>Ap\u00f3s esfaquear a v\u00edtima com uma faca peixeira, o suspeito fugiu. Contudo, horas depois, uma guarni\u00e7\u00e3o da PM realizou rondas e o localizou pr\u00f3ximo ao local do crime.<\/p>\n<p>O suspeito e a faca apreendida foram encaminhados para a Delegacia de Pol\u00edcia Civil de Palmeira dos \u00cdndios.<\/p>\n<p>Os institutos de Criminal\u00edstica (IC) e M\u00e9dico Legal (IML) tamb\u00e9m foram acionados e estiveram no local para fazer a per\u00edcia e retirar o corpo da v\u00edtima.<\/p>\n<p>&nbsp;<\/p>\n<p><strong>Fonte: G1\/AL<\/strong><\/p>\n<p>&nbsp;<\/p>\n","protected":false},"excerpt":{"rendered":"<p>Um morador de rua foi morto esfaqueado ap\u00f3s discuss\u00e3o enquanto bebia na quinta-feira (16) no bairro Jardim Esperan\u00e7a, em Arapiraca, no Agreste de Alagoas. O homem suspeito de ter cometido o crime foi preso. A Pol\u00edcia Militar foi acionada em apoio ao Samu e enviou uma equipe at\u00e9 o local, mas a v\u00edtima j\u00e1 estava &hellip;<\/p>\n","protected":false},"author":1,"featured_media":8045,"comment_status":"open","ping_status":"open","sticky":false,"template":"","format":"standard","meta":{"_jetpack_newsletter_access":"","_jetpack_dont_email_post_to_subs":false,"_jetpack_newsletter_tier_id":0,"_jetpack_memberships_contains_paywalled_content":false,"_jetpack_memberships_contains_paid_content":false,"footnotes":""},"categories":[1],"tags":[],"class_list":["post-8044","post","type-post","status-publish","format-standard","has-post-thumbnail","hentry","category-destaque"],"jetpack_sharing_enabled":true,"jetpack_featured_media_url":"","_links":{"self":[{"href":"https:\/\/www.oparanews.com.br\/index.php\/wp-json\/wp\/v2\/posts\/8044","targetHints":{"allow":["GET"]}}],"collection":[{"href":"https:\/\/www.oparanews.com.br\/index.php\/wp-json\/wp\/v2\/posts"}],"about":[{"href":"https:\/\/www.oparanews.com.br\/index.php\/wp-json\/wp\/v2\/types\/post"}],"author":[{"embeddable":true,"href":"https:\/\/www.oparanews.com.br\/index.php\/wp-json\/wp\/v2\/users\/1"}],"replies":[{"embeddable":true,"href":"https:\/\/www.oparanews.com.br\/index.php\/wp-json\/wp\/v2\/comments?post=8044"}],"version-history":[{"count":0,"href":"https:\/\/www.oparanews.com.br\/index.php\/wp-json\/wp\/v2\/posts\/8044\/revisions"}],"wp:attachment":[{"href":"https:\/\/www.oparanews.com.br\/index.php\/wp-json\/wp\/v2\/media?parent=8044"}],"wp:term":[{"taxonomy":"category","embeddable":true,"href":"https:\/\/www.oparanews.com.br\/index.php\/wp-json\/wp\/v2\/categories?post=8044"},{"taxonomy":"post_tag","embeddable":true,"href":"https:\/\/www.oparanews.com.br\/index.php\/wp-json\/wp\/v2\/tags?post=8044"}],"curies":[{"name":"wp","href":"https:\/\/api.w.org\/{rel}","templated":true}]}}