{"id":8047,"date":"2020-07-17T23:12:41","date_gmt":"2020-07-17T23:12:41","guid":{"rendered":"https:\/\/oparanews.com.br\/?p=8047"},"modified":"2020-07-17T23:12:41","modified_gmt":"2020-07-17T23:12:41","slug":"flamengo-lamenta-mas-confirma-saida-de-jorge-jesus","status":"publish","type":"post","link":"https:\/\/www.oparanews.com.br\/index.php\/2020\/07\/17\/flamengo-lamenta-mas-confirma-saida-de-jorge-jesus\/","title":{"rendered":"Flamengo lamenta, mas confirma sa\u00edda de Jorge Jesus"},"content":{"rendered":"<p>Chegou ao fim a vitoriosa trajet\u00f3ria de Jorge Jesus no Flamengo. Ap\u00f3s acertar-se com o Benfica, o treinador comunicou \u00e0 diretoria a decis\u00e3o de retornar ao clube portugu\u00eas nesta sexta-feira. Na mesma noite, o clube da G\u00e1vea confirmou o adeus do Mister. Com cinco t\u00edtulos na &#8220;bagagem&#8221; e o nome marcado na hist\u00f3ria, Jorge Jesus deixa o comando do time ap\u00f3s 412 dias.<\/p>\n<p>Jorge Jesus esteve reunido com Marcos Braz, vice-presidente de futebol, nesta sexta, na Barra da Tijuca. O acerto com o Benfica, e a consequente rescis\u00e3o contratual com o Flamengo, acontece 45 dias depois do Flamengo anunciar a renova\u00e7\u00e3o do v\u00ednculo do Mister at\u00e9 junho de 2021. Em 5 de junho, o treinador concedeu uma entrevista para celebrar o acordo ao lado do presidente Rodolfo Landim, do vice-presidente de futebol Marcos Braz e do diretor Bruno Spindel.<\/p>\n<p>O Mister chegou ao Flamengo em junho de 2019 e revolucionou o futebol do clube. Contando com os refor\u00e7os de Filipe Lu\u00eds, Rafinha, Gerson e Pablo Mar\u00ed, contratados tamb\u00e9m no segundo semestre do ano passado, o Mister comandou uma equipe que passou a dominar o futebol brasileiro. &#8220;Venceu e convenceu&#8221;, afinal foram 43 vit\u00f3rias, dez empates e quatro derrotas sob o comando do portugu\u00eas, com os t\u00edtulos do Brasileir\u00e3o e da Libertadores, em 2019, e Recopa Sul-Americana, Supercopa do Brasil e Carioca nesta temporada.<\/p>\n<p>Confira, na \u00edntegra, a nota oficial publicada pelo Flamengo:<\/p>\n<p>&#8220;O Clube de Regatas do Flamengo informa que, em reuni\u00e3o realizada na tarde desta sexta-feira (17), o t\u00e9cnico Jorge Jesus comunicou que, exercendo seu direito contratual, est\u00e1 se desligando do Clube para voltar para Portugal. Apesar de lamentar a perda de seu vitorioso t\u00e9cnico, o Flamengo respeita esta decis\u00e3o pessoal.<\/p>\n<p>Nos 13 meses que Jorge Jesus dirigiu nosso time de futebol profissional, o Flamengo teve uma performance espetacular, conquistando a Copa Libertadores (2019), o Campeonato Brasileiro (2019), a Supercopa do Brasil (2020), a Recopa Sul-Americana (2020), a Ta\u00e7a Guanabara (2020) e, na \u00faltima quarta-feira (15), o Campeonato Carioca (2020).<\/p>\n<p>Em nome de toda a diretoria e dos 42 milh\u00f5es de rubro-negros que formam a Maior Torcida do Mundo, o nosso maior agradecimento a ele e toda sua comiss\u00e3o t\u00e9cnica por tudo o que foi feito e o nosso desejo que continuem mantendo o enorme sucesso como tiveram conosco.<\/p>\n<p>O Flamengo, seguindo o que seu hino preconiza &#8211; e que t\u00e3o bem Jorge Jesus representou &#8211; continuar\u00e1 no seu objetivo de sempre: Vencer, vencer, vencer!&#8221;<\/p>\n<p>&nbsp;<\/p>\n<p><strong>Fonte: LANCE<\/strong><\/p>\n<p>&nbsp;<\/p>\n","protected":false},"excerpt":{"rendered":"<p>Chegou ao fim a vitoriosa trajet\u00f3ria de Jorge Jesus no Flamengo. Ap\u00f3s acertar-se com o Benfica, o treinador comunicou \u00e0 diretoria a decis\u00e3o de retornar ao clube portugu\u00eas nesta sexta-feira. Na mesma noite, o clube da G\u00e1vea confirmou o adeus do Mister. Com cinco t\u00edtulos na &#8220;bagagem&#8221; e o nome marcado na hist\u00f3ria, Jorge Jesus &hellip;<\/p>\n","protected":false},"author":1,"featured_media":8048,"comment_status":"open","ping_status":"open","sticky":false,"template":"","format":"standard","meta":{"_jetpack_newsletter_access":"","_jetpack_dont_email_post_to_subs":false,"_jetpack_newsletter_tier_id":0,"_jetpack_memberships_contains_paywalled_content":false,"_jetpack_memberships_contains_paid_content":false,"footnotes":""},"categories":[1],"tags":[],"class_list":["post-8047","post","type-post","status-publish","format-standard","has-post-thumbnail","hentry","category-destaque"],"jetpack_sharing_enabled":true,"jetpack_featured_media_url":"","_links":{"self":[{"href":"https:\/\/www.oparanews.com.br\/index.php\/wp-json\/wp\/v2\/posts\/8047","targetHints":{"allow":["GET"]}}],"collection":[{"href":"https:\/\/www.oparanews.com.br\/index.php\/wp-json\/wp\/v2\/posts"}],"about":[{"href":"https:\/\/www.oparanews.com.br\/index.php\/wp-json\/wp\/v2\/types\/post"}],"author":[{"embeddable":true,"href":"https:\/\/www.oparanews.com.br\/index.php\/wp-json\/wp\/v2\/users\/1"}],"replies":[{"embeddable":true,"href":"https:\/\/www.oparanews.com.br\/index.php\/wp-json\/wp\/v2\/comments?post=8047"}],"version-history":[{"count":0,"href":"https:\/\/www.oparanews.com.br\/index.php\/wp-json\/wp\/v2\/posts\/8047\/revisions"}],"wp:attachment":[{"href":"https:\/\/www.oparanews.com.br\/index.php\/wp-json\/wp\/v2\/media?parent=8047"}],"wp:term":[{"taxonomy":"category","embeddable":true,"href":"https:\/\/www.oparanews.com.br\/index.php\/wp-json\/wp\/v2\/categories?post=8047"},{"taxonomy":"post_tag","embeddable":true,"href":"https:\/\/www.oparanews.com.br\/index.php\/wp-json\/wp\/v2\/tags?post=8047"}],"curies":[{"name":"wp","href":"https:\/\/api.w.org\/{rel}","templated":true}]}}