{"id":8050,"date":"2020-07-17T23:15:54","date_gmt":"2020-07-17T23:15:54","guid":{"rendered":"https:\/\/oparanews.com.br\/?p=8050"},"modified":"2020-07-17T23:15:54","modified_gmt":"2020-07-17T23:15:54","slug":"planalto-tem-quase-tres-novos-casos-de-covid-19-por-dia","status":"publish","type":"post","link":"https:\/\/www.oparanews.com.br\/index.php\/2020\/07\/17\/planalto-tem-quase-tres-novos-casos-de-covid-19-por-dia\/","title":{"rendered":"Planalto tem quase tr\u00eas novos casos de covid-19 por dia"},"content":{"rendered":"<p>Al\u00e9m do presidente Jair Bolsonaro, outros 36 servidores est\u00e3o afastados das fun\u00e7\u00f5es do Pal\u00e1cio do Planalto por estarem contaminados com a covid-19. Os dados mais recentes da Secretaria-Geral da Presid\u00eancia, do dia 10 de julho, indicam 128 casos na sede do governo, onde trabalham 3.400 pessoas. No balan\u00e7o anterior, com informa\u00e7\u00f5es do dia 3 de julho, eram 108 infectados. Ou seja, no intervalo de uma semana foram confirmados mais 20 casos da doen\u00e7a, uma m\u00e9dia de quase tr\u00eas novos por dia.<\/p>\n<p>O primeiro caso de covid no Planalto foi confirmado no dia 12 de mar\u00e7o, quando o chefe da Secretaria Especial de Comunica\u00e7\u00e3o (Secom), F\u00e1bio Wajngarten, testou positivo ap\u00f3s voltar de viagem aos Estados Unidos com a comitiva presidencial. At\u00e9 o dia 20 de maio, o total de contaminados era de 35, conforme informa\u00e7\u00f5es obtidas pelo Estad\u00e3o por meio de Lei de Acesso \u00e0 Informa\u00e7\u00e3o. Portanto, a propaga\u00e7\u00e3o do v\u00edrus se deu ap\u00f3s essa data, quando houve mais 93 contamina\u00e7\u00f5es, ou seja, 72% do total das infec\u00e7\u00f5es num intervalo de 50 dias.<\/p>\n<p>Bolsonaro foi diagnosticado com a covid-19 no dia 7 de julho. Na quarta-feira, 15, o presidente confirmou que realizou um novo exame que apontou que ele seguia infectado pelo coronav\u00edrus. &#8220;Ent\u00e3o a gente espera que nos pr\u00f3ximos dias fa\u00e7a um novo exame e, se Deus quiser, d\u00ea tudo certo para a gente voltar logo \u00e0 atividade&#8221;, afirmou.<\/p>\n<p>Ap\u00f3s o resultado positivo de Bolsonaro, o Planalto n\u00e3o recomendou quarentena de pessoas que tiveram &#8220;simples contato&#8221; com o presidente, contrariando o que defendem infectologistas. &#8220;A orienta\u00e7\u00e3o que damos aos servidores \u00e9 procurar assist\u00eancia m\u00e9dica quando apresentarem sintomas relacionados \u00e0 covid-19, para avaliar necessidade de testagem. Nos casos considerados suspeitos, os servidores s\u00e3o orientados a ficar em casa at\u00e9 o resultado do exame&#8221;, afirmou o Planalto na ocasi\u00e3o.<\/p>\n<p>O presidente segue despachando do Pal\u00e1cio da Alvorada e fazendo reuni\u00f5es por videoconfer\u00eancia. Na resid\u00eancia oficial, Bolsonaro tem sido acompanhado diretamente por auxiliares que j\u00e1 foram contaminados pela doen\u00e7a, como \u00e9 o caso do ajudante de ordens, major Mauro C\u00e9sar Barbosa Cid. Durante o dia, o chefe do Executivo tamb\u00e9m costuma sair para tomar sol na \u00e1rea externa do pal\u00e1cio e tem acompanhamento di\u00e1rio do m\u00e9dico da Presid\u00eancia, o cardiologista Ricardo Camarinha.<\/p>\n<p>Bolsonaro atribuiu sua melhora ao uso da hidroxicloroquina desde os primeiros sintomas. O medicamento n\u00e3o tem efic\u00e1cia comprovada e os riscos de efeitos colaterais ainda s\u00e3o desconhecidos. O presidente tamb\u00e9m afirmou que n\u00e3o est\u00e1 recomendando o uso do medicamento e pediu para que pacientes sigam as orienta\u00e7\u00f5es de seus m\u00e9dicos. &#8220;Ent\u00e3o, eu n\u00e3o recomendo nada. Eu recomendo que voc\u00ea procure o seu m\u00e9dico e converse com ele. O meu, no caso, m\u00e9dico militar, foi recomendado a hidroxicloroquina e funcionou. T\u00f4 bem, gra\u00e7as a Deus.&#8221; O Estad\u00e3o revelou, na semana passada, quem s\u00e3o os empres\u00e1rios que lucram com a cloroquina, que teve alta de 358% no consumo ap\u00f3s o in\u00edcio da pandemia.<\/p>\n<p>O aumento de casos no Planalto segue a tend\u00eancia de ascens\u00e3o da doen\u00e7a no Distrito Federal que j\u00e1 registra 77.620 contamina\u00e7\u00f5es, segundo dados de 16 de julho. As restri\u00e7\u00f5es impostas pelo governador Ibaneis Rocha (MDB) para incentivar o isolamento social passaram a ser flexibilizadas desde o m\u00eas passado e nesta semana bares e restaurantes voltaram a funcionar.<\/p>\n<p>De acordo com dados compilados pela Secretaria de Gest\u00e3o e Desempenho de Pessoal do Minist\u00e9rio da Economia, j\u00e1 testaram 1.811 servidores federais testaram positivo para covid-19. A pesquisa, no entanto, foi respondida por menos da metade (48,71%) das unidades administrativas federais de gest\u00e3o de pessoas. Com isso, a informa\u00e7\u00f5es fornecidas se referem a 162.202 servidores ativos, o equivalente 58,52%. Esses dados, at\u00e9 o dia 10 de julho, tamb\u00e9m n\u00e3o incluem os servidores das institui\u00e7\u00f5es federais de ensino.<\/p>\n<p>&nbsp;<\/p>\n<p><strong>Fonte: Terra<\/strong><\/p>\n<p>&nbsp;<\/p>\n","protected":false},"excerpt":{"rendered":"<p>Al\u00e9m do presidente Jair Bolsonaro, outros 36 servidores est\u00e3o afastados das fun\u00e7\u00f5es do Pal\u00e1cio do Planalto por estarem contaminados com a covid-19. Os dados mais recentes da Secretaria-Geral da Presid\u00eancia, do dia 10 de julho, indicam 128 casos na sede do governo, onde trabalham 3.400 pessoas. No balan\u00e7o anterior, com informa\u00e7\u00f5es do dia 3 de &hellip;<\/p>\n","protected":false},"author":1,"featured_media":8051,"comment_status":"open","ping_status":"open","sticky":false,"template":"","format":"standard","meta":{"_jetpack_newsletter_access":"","_jetpack_dont_email_post_to_subs":false,"_jetpack_newsletter_tier_id":0,"_jetpack_memberships_contains_paywalled_content":false,"_jetpack_memberships_contains_paid_content":false,"footnotes":""},"categories":[1],"tags":[],"class_list":["post-8050","post","type-post","status-publish","format-standard","has-post-thumbnail","hentry","category-destaque"],"jetpack_sharing_enabled":true,"jetpack_featured_media_url":"","_links":{"self":[{"href":"https:\/\/www.oparanews.com.br\/index.php\/wp-json\/wp\/v2\/posts\/8050","targetHints":{"allow":["GET"]}}],"collection":[{"href":"https:\/\/www.oparanews.com.br\/index.php\/wp-json\/wp\/v2\/posts"}],"about":[{"href":"https:\/\/www.oparanews.com.br\/index.php\/wp-json\/wp\/v2\/types\/post"}],"author":[{"embeddable":true,"href":"https:\/\/www.oparanews.com.br\/index.php\/wp-json\/wp\/v2\/users\/1"}],"replies":[{"embeddable":true,"href":"https:\/\/www.oparanews.com.br\/index.php\/wp-json\/wp\/v2\/comments?post=8050"}],"version-history":[{"count":0,"href":"https:\/\/www.oparanews.com.br\/index.php\/wp-json\/wp\/v2\/posts\/8050\/revisions"}],"wp:attachment":[{"href":"https:\/\/www.oparanews.com.br\/index.php\/wp-json\/wp\/v2\/media?parent=8050"}],"wp:term":[{"taxonomy":"category","embeddable":true,"href":"https:\/\/www.oparanews.com.br\/index.php\/wp-json\/wp\/v2\/categories?post=8050"},{"taxonomy":"post_tag","embeddable":true,"href":"https:\/\/www.oparanews.com.br\/index.php\/wp-json\/wp\/v2\/tags?post=8050"}],"curies":[{"name":"wp","href":"https:\/\/api.w.org\/{rel}","templated":true}]}}