{"id":8053,"date":"2020-07-17T23:20:05","date_gmt":"2020-07-17T23:20:05","guid":{"rendered":"https:\/\/oparanews.com.br\/?p=8053"},"modified":"2020-07-17T23:20:05","modified_gmt":"2020-07-17T23:20:05","slug":"festa-de-reveillon-na-avenida-paulista-e-cancelada","status":"publish","type":"post","link":"https:\/\/www.oparanews.com.br\/index.php\/2020\/07\/17\/festa-de-reveillon-na-avenida-paulista-e-cancelada\/","title":{"rendered":"Festa de Reveillon na avenida Paulista \u00e9 cancelada"},"content":{"rendered":"<p>O prefeito de S\u00e3o Paulo, Bruno Covas (PSDB), anunciou nesta sexta-feira que o governo municipal n\u00e3o organizar\u00e1 neste ano a tradicional festa de Reveillon na avenida Paulista na virada do dia 31 de dezembro de 2020 para 1\u00ba de janeiro de 2021 por causa da pandemia de Covid-19, doen\u00e7a respirat\u00f3ria causada pelo novo coronav\u00edrus.<\/p>\n<p>&#8220;Hoje a gente anuncia que n\u00f3s tamb\u00e9m n\u00e3o teremos o Reveillon na Paulista nesta virada de ano de 2020 para 2021&#8221;, disse Covas, em entrevista coletiva no Pal\u00e1cio dos Bandeirantes, sede do governo do Estado de S\u00e3o Paulo, ao lado do governador Jo\u00e3o Doria (PSDB).<\/p>\n<p>&#8220;Tanto a prefeitura quanto o governo do Estado de S\u00e3o Paulo, os t\u00e9cnicos da vigil\u00e2ncia sanit\u00e1ria e do governo do Estado, entendem muito temer\u00e1rio n\u00f3s organizarmos um evento para 1 milh\u00e3o de pessoas na avenida Paulista para dezembro deste ano&#8221;, acrescentou o prefeito.<\/p>\n<p>Covas lembrou que o Reveillon na Paulista, um dos principais eventos do calend\u00e1rio da cidade, requer tr\u00eas meses de prepara\u00e7\u00e3o, al\u00e9m de acertos com patrocinadores e artistas que se apresentam em shows na principal avenida da cidade. Ele afirmou que o an\u00fancio tamb\u00e9m visa dar previsibilidade, j\u00e1 que o evento faz parte da venda de pacotes de turismo e do planejamento de hot\u00e9\u00eds.<\/p>\n<p>&nbsp;<\/p>\n<p><strong>Fonte: Terra<\/strong><\/p>\n<p>&nbsp;<\/p>\n","protected":false},"excerpt":{"rendered":"<p>O prefeito de S\u00e3o Paulo, Bruno Covas (PSDB), anunciou nesta sexta-feira que o governo municipal n\u00e3o organizar\u00e1 neste ano a tradicional festa de Reveillon na avenida Paulista na virada do dia 31 de dezembro de 2020 para 1\u00ba de janeiro de 2021 por causa da pandemia de Covid-19, doen\u00e7a respirat\u00f3ria causada pelo novo coronav\u00edrus. &#8220;Hoje &hellip;<\/p>\n","protected":false},"author":1,"featured_media":8054,"comment_status":"open","ping_status":"open","sticky":false,"template":"","format":"standard","meta":{"_jetpack_newsletter_access":"","_jetpack_dont_email_post_to_subs":false,"_jetpack_newsletter_tier_id":0,"_jetpack_memberships_contains_paywalled_content":false,"_jetpack_memberships_contains_paid_content":false,"footnotes":""},"categories":[1],"tags":[],"class_list":["post-8053","post","type-post","status-publish","format-standard","has-post-thumbnail","hentry","category-destaque"],"jetpack_sharing_enabled":true,"jetpack_featured_media_url":"","_links":{"self":[{"href":"https:\/\/www.oparanews.com.br\/index.php\/wp-json\/wp\/v2\/posts\/8053","targetHints":{"allow":["GET"]}}],"collection":[{"href":"https:\/\/www.oparanews.com.br\/index.php\/wp-json\/wp\/v2\/posts"}],"about":[{"href":"https:\/\/www.oparanews.com.br\/index.php\/wp-json\/wp\/v2\/types\/post"}],"author":[{"embeddable":true,"href":"https:\/\/www.oparanews.com.br\/index.php\/wp-json\/wp\/v2\/users\/1"}],"replies":[{"embeddable":true,"href":"https:\/\/www.oparanews.com.br\/index.php\/wp-json\/wp\/v2\/comments?post=8053"}],"version-history":[{"count":0,"href":"https:\/\/www.oparanews.com.br\/index.php\/wp-json\/wp\/v2\/posts\/8053\/revisions"}],"wp:attachment":[{"href":"https:\/\/www.oparanews.com.br\/index.php\/wp-json\/wp\/v2\/media?parent=8053"}],"wp:term":[{"taxonomy":"category","embeddable":true,"href":"https:\/\/www.oparanews.com.br\/index.php\/wp-json\/wp\/v2\/categories?post=8053"},{"taxonomy":"post_tag","embeddable":true,"href":"https:\/\/www.oparanews.com.br\/index.php\/wp-json\/wp\/v2\/tags?post=8053"}],"curies":[{"name":"wp","href":"https:\/\/api.w.org\/{rel}","templated":true}]}}