{"id":8056,"date":"2020-07-18T12:13:12","date_gmt":"2020-07-18T12:13:12","guid":{"rendered":"https:\/\/oparanews.com.br\/?p=8056"},"modified":"2020-07-18T12:13:12","modified_gmt":"2020-07-18T12:13:12","slug":"marilia-mendonca-deixa-de-seguir-namorado-nas-redes","status":"publish","type":"post","link":"https:\/\/www.oparanews.com.br\/index.php\/2020\/07\/18\/marilia-mendonca-deixa-de-seguir-namorado-nas-redes\/","title":{"rendered":"Mar\u00edlia Mendon\u00e7a deixa de seguir namorado nas redes"},"content":{"rendered":"<p>A cantora Mar\u00edlia Mendon\u00e7a deixou de seguir o namorado e pai de seu filho, Murilo Huff, nas redes sociais. A sertaneja tamb\u00e9m arquivou fotos com o amado, como a declara\u00e7\u00e3o que fez a ele no \u00faltimo dia dos namorados.<\/p>\n<p>As \u00fanicas fotos com Murilo que ainda est\u00e3o no perfil de Mar\u00edlia s\u00e3o as que eles aparecem junto ao filho, L\u00e9o, de sete meses. O cantor, no entanto, ainda segue e tem diversas fotos com Mar\u00edlia em seu Instagram.<\/p>\n<p>Em contato com a Revista QUEM, a assessoria de imprensa de Mar\u00edlia garantiu que \u201cnada aconteceu\u201d e que \u201cest\u00e1 tudo certo\u201d entre eles.<\/p>\n<p>&nbsp;<\/p>\n<p><strong>Fonte: Gente<\/strong><\/p>\n<p>&nbsp;<\/p>\n","protected":false},"excerpt":{"rendered":"<p>A cantora Mar\u00edlia Mendon\u00e7a deixou de seguir o namorado e pai de seu filho, Murilo Huff, nas redes sociais. A sertaneja tamb\u00e9m arquivou fotos com o amado, como a declara\u00e7\u00e3o que fez a ele no \u00faltimo dia dos namorados. As \u00fanicas fotos com Murilo que ainda est\u00e3o no perfil de Mar\u00edlia s\u00e3o as que eles &hellip;<\/p>\n","protected":false},"author":1,"featured_media":8057,"comment_status":"open","ping_status":"open","sticky":false,"template":"","format":"standard","meta":{"_jetpack_newsletter_access":"","_jetpack_dont_email_post_to_subs":false,"_jetpack_newsletter_tier_id":0,"_jetpack_memberships_contains_paywalled_content":false,"_jetpack_memberships_contains_paid_content":false,"footnotes":""},"categories":[1],"tags":[],"class_list":["post-8056","post","type-post","status-publish","format-standard","has-post-thumbnail","hentry","category-destaque"],"jetpack_sharing_enabled":true,"jetpack_featured_media_url":"","_links":{"self":[{"href":"https:\/\/www.oparanews.com.br\/index.php\/wp-json\/wp\/v2\/posts\/8056","targetHints":{"allow":["GET"]}}],"collection":[{"href":"https:\/\/www.oparanews.com.br\/index.php\/wp-json\/wp\/v2\/posts"}],"about":[{"href":"https:\/\/www.oparanews.com.br\/index.php\/wp-json\/wp\/v2\/types\/post"}],"author":[{"embeddable":true,"href":"https:\/\/www.oparanews.com.br\/index.php\/wp-json\/wp\/v2\/users\/1"}],"replies":[{"embeddable":true,"href":"https:\/\/www.oparanews.com.br\/index.php\/wp-json\/wp\/v2\/comments?post=8056"}],"version-history":[{"count":0,"href":"https:\/\/www.oparanews.com.br\/index.php\/wp-json\/wp\/v2\/posts\/8056\/revisions"}],"wp:attachment":[{"href":"https:\/\/www.oparanews.com.br\/index.php\/wp-json\/wp\/v2\/media?parent=8056"}],"wp:term":[{"taxonomy":"category","embeddable":true,"href":"https:\/\/www.oparanews.com.br\/index.php\/wp-json\/wp\/v2\/categories?post=8056"},{"taxonomy":"post_tag","embeddable":true,"href":"https:\/\/www.oparanews.com.br\/index.php\/wp-json\/wp\/v2\/tags?post=8056"}],"curies":[{"name":"wp","href":"https:\/\/api.w.org\/{rel}","templated":true}]}}