{"id":8059,"date":"2020-07-18T12:15:55","date_gmt":"2020-07-18T12:15:55","guid":{"rendered":"https:\/\/oparanews.com.br\/?p=8059"},"modified":"2020-07-18T12:15:55","modified_gmt":"2020-07-18T12:15:55","slug":"amor-de-mae-fica-para-2021-e-a-forca-do-querer-substituira-fina-estampa","status":"publish","type":"post","link":"https:\/\/www.oparanews.com.br\/index.php\/2020\/07\/18\/amor-de-mae-fica-para-2021-e-a-forca-do-querer-substituira-fina-estampa\/","title":{"rendered":"\u2018Amor de M\u00e3e\u2019 fica para 2021 e \u2018A For\u00e7a do Querer\u2019 substituir\u00e1 \u2018Fina Estampa\u2019"},"content":{"rendered":"<p>A novela Amor de M\u00e3e dever\u00e1 voltar \u00e0 tela da Globo apenas em 2021, informou ao E+ a assessoria da emissora nesta sexta-feira, 17. No lugar de Fina Estampa, atual novela das 9, entrar\u00e1 uma nova reprise, A For\u00e7a do Querer.<\/p>\n<p>A trama que retorna ao ar ficou marcada por personagem como Bibi Perigosa, de Juliana Paes, e Ivana, de Carol Duarte, que se descobria transg\u00eanero ao longo dos cap\u00edtulos, e Ritinha, interpretada por Isis Valverde.<\/p>\n<p>A For\u00e7a do Querer foi escolhida a melhor novela do ano pela Associa\u00e7\u00e3o Paulista de Cr\u00edticos de Arte (APCA) em 2017, quando conquistou a maior audi\u00eancia m\u00e9dia da emissora desde Avenida Brasil em S\u00e3o Paulo. A novela tamb\u00e9m contou com uma participa\u00e7\u00e3o especial da cantora Pabllo Vittar.<\/p>\n<p>\u201cA For\u00e7a do Querer, novela de Gloria Perez e dire\u00e7\u00e3o de Rogerio Gomes, ser\u00e1 a pr\u00f3xima novela das nove, exibida ap\u00f3s Fina Estampa. Amor de M\u00e3e e Salve-se Quem Puder voltar\u00e3o ao ar em 2021\u201d, informou a assessoria da emissora.<\/p>\n<p>\u201cA retomada das grava\u00e7\u00f5es das novelas segue em discuss\u00e3o, acompanhando a evolu\u00e7\u00e3o das quest\u00f5es sanit\u00e1rias, para que todas as medidas previstas sejam colocadas em pr\u00e1tica, para resguardar os profissionais envolvidos com responsabilidade e seguran\u00e7a\u201d, prossegue a nota.<\/p>\n<p>&nbsp;<\/p>\n<p><strong>Fonte: Gente<\/strong><\/p>\n<p>&nbsp;<\/p>\n","protected":false},"excerpt":{"rendered":"<p>A novela Amor de M\u00e3e dever\u00e1 voltar \u00e0 tela da Globo apenas em 2021, informou ao E+ a assessoria da emissora nesta sexta-feira, 17. No lugar de Fina Estampa, atual novela das 9, entrar\u00e1 uma nova reprise, A For\u00e7a do Querer. A trama que retorna ao ar ficou marcada por personagem como Bibi Perigosa, de &hellip;<\/p>\n","protected":false},"author":1,"featured_media":8060,"comment_status":"open","ping_status":"open","sticky":false,"template":"","format":"standard","meta":{"_jetpack_newsletter_access":"","_jetpack_dont_email_post_to_subs":false,"_jetpack_newsletter_tier_id":0,"_jetpack_memberships_contains_paywalled_content":false,"_jetpack_memberships_contains_paid_content":false,"footnotes":""},"categories":[1],"tags":[],"class_list":["post-8059","post","type-post","status-publish","format-standard","has-post-thumbnail","hentry","category-destaque"],"jetpack_sharing_enabled":true,"jetpack_featured_media_url":"","_links":{"self":[{"href":"https:\/\/www.oparanews.com.br\/index.php\/wp-json\/wp\/v2\/posts\/8059","targetHints":{"allow":["GET"]}}],"collection":[{"href":"https:\/\/www.oparanews.com.br\/index.php\/wp-json\/wp\/v2\/posts"}],"about":[{"href":"https:\/\/www.oparanews.com.br\/index.php\/wp-json\/wp\/v2\/types\/post"}],"author":[{"embeddable":true,"href":"https:\/\/www.oparanews.com.br\/index.php\/wp-json\/wp\/v2\/users\/1"}],"replies":[{"embeddable":true,"href":"https:\/\/www.oparanews.com.br\/index.php\/wp-json\/wp\/v2\/comments?post=8059"}],"version-history":[{"count":0,"href":"https:\/\/www.oparanews.com.br\/index.php\/wp-json\/wp\/v2\/posts\/8059\/revisions"}],"wp:attachment":[{"href":"https:\/\/www.oparanews.com.br\/index.php\/wp-json\/wp\/v2\/media?parent=8059"}],"wp:term":[{"taxonomy":"category","embeddable":true,"href":"https:\/\/www.oparanews.com.br\/index.php\/wp-json\/wp\/v2\/categories?post=8059"},{"taxonomy":"post_tag","embeddable":true,"href":"https:\/\/www.oparanews.com.br\/index.php\/wp-json\/wp\/v2\/tags?post=8059"}],"curies":[{"name":"wp","href":"https:\/\/api.w.org\/{rel}","templated":true}]}}