{"id":8062,"date":"2020-07-18T12:27:48","date_gmt":"2020-07-18T12:27:48","guid":{"rendered":"https:\/\/oparanews.com.br\/?p=8062"},"modified":"2020-07-18T12:27:48","modified_gmt":"2020-07-18T12:27:48","slug":"secretario-de-saude-fala-sobre-a-flexibilizacao-de-servicos-em-penedo","status":"publish","type":"post","link":"https:\/\/www.oparanews.com.br\/index.php\/2020\/07\/18\/secretario-de-saude-fala-sobre-a-flexibilizacao-de-servicos-em-penedo\/","title":{"rendered":"Secret\u00e1rio de Sa\u00fade fala sobre a flexibiliza\u00e7\u00e3o de servi\u00e7os em Penedo"},"content":{"rendered":"<p>Em entrevista ao Programa Realidade, da R\u00e1dio Penedo FM, o Secret\u00e1rio Municipal de Sa\u00fade, Marcos Beltr\u00e3o falou sobre as a\u00e7\u00f5es desenvolvidas pela sa\u00fade penedense no combate ao Covid-19, doen\u00e7a provocada pelo novo Coronav\u00edrus.<\/p>\n<p>Durante a entrevista o Secret\u00e1rio citou as medidas adotadas em Penedo em combate a pandemia mundial e tamb\u00e9m falou sobre a flexibiliza\u00e7\u00e3o de alguns setores da economia, que devido a legisla\u00e7\u00e3o emergencial em vigor, est\u00e3o temporariamente fechados.<\/p>\n<p>Marcos Beltr\u00e3o explicou que a partir da pr\u00f3xima semana, alguns servi\u00e7os poder\u00e3o retornar, por\u00e9m mantendo algumas das regras, que minimizam a prolifera\u00e7\u00e3o do novo Coronav\u00edrus.<\/p>\n<p>O primeiro deles \u00e9 o retorno das balsas, que voltar\u00e3o a partir da pr\u00f3xima ter\u00e7a-feira (21), por\u00e9m em hor\u00e1rios diferenciados.<\/p>\n<p>O gestor da sa\u00fade municipal afirmou que mant\u00e9m conversas com diversos setores da sociedade local, para a ado\u00e7\u00e3o das pr\u00f3ximas medidas a serem tomadas.<\/p>\n<p>Um exemplo \u00e9 a volta dos \u00f4nibus coletivos, que devem retomar a presta\u00e7\u00e3o de servi\u00e7o, sendo implantadas medidas que garantir\u00e3o a seguran\u00e7a dos motoristas, cobradores e passageiros. Sendo debatidas previamente com os empres\u00e1rios do setor, quais as medidas que ser\u00e3o adotadas, para que os \u00f4nibus coletivos possam voltar a circular.<\/p>\n<p>De acordo com Marcos Beltr\u00e3o n\u00e3o ocorrer\u00e1 a flexibiliza\u00e7\u00e3o de setores que permanecem fechados por determina\u00e7\u00e3o do decreto estadual assinado pelo Governador Renan Filho, a exemplo do transporte intermunicipal.<\/p>\n<p>Esses precisam da revoga\u00e7\u00e3o do decreto ou mudan\u00e7a das regras por parte do Governo do Estado para voltar a funcionar.<\/p>\n<p>&nbsp;<\/p>\n<p><strong>por Thiago Sobral &#8211; Decom (PMP)<\/strong><\/p>\n<p>&nbsp;<\/p>\n","protected":false},"excerpt":{"rendered":"<p>Em entrevista ao Programa Realidade, da R\u00e1dio Penedo FM, o Secret\u00e1rio Municipal de Sa\u00fade, Marcos Beltr\u00e3o falou sobre as a\u00e7\u00f5es desenvolvidas pela sa\u00fade penedense no combate ao Covid-19, doen\u00e7a provocada pelo novo Coronav\u00edrus. Durante a entrevista o Secret\u00e1rio citou as medidas adotadas em Penedo em combate a pandemia mundial e tamb\u00e9m falou sobre a flexibiliza\u00e7\u00e3o &hellip;<\/p>\n","protected":false},"author":1,"featured_media":8063,"comment_status":"open","ping_status":"open","sticky":false,"template":"","format":"standard","meta":{"_jetpack_newsletter_access":"","_jetpack_dont_email_post_to_subs":false,"_jetpack_newsletter_tier_id":0,"_jetpack_memberships_contains_paywalled_content":false,"_jetpack_memberships_contains_paid_content":false,"footnotes":""},"categories":[1],"tags":[],"class_list":["post-8062","post","type-post","status-publish","format-standard","has-post-thumbnail","hentry","category-destaque"],"jetpack_sharing_enabled":true,"jetpack_featured_media_url":"","_links":{"self":[{"href":"https:\/\/www.oparanews.com.br\/index.php\/wp-json\/wp\/v2\/posts\/8062","targetHints":{"allow":["GET"]}}],"collection":[{"href":"https:\/\/www.oparanews.com.br\/index.php\/wp-json\/wp\/v2\/posts"}],"about":[{"href":"https:\/\/www.oparanews.com.br\/index.php\/wp-json\/wp\/v2\/types\/post"}],"author":[{"embeddable":true,"href":"https:\/\/www.oparanews.com.br\/index.php\/wp-json\/wp\/v2\/users\/1"}],"replies":[{"embeddable":true,"href":"https:\/\/www.oparanews.com.br\/index.php\/wp-json\/wp\/v2\/comments?post=8062"}],"version-history":[{"count":0,"href":"https:\/\/www.oparanews.com.br\/index.php\/wp-json\/wp\/v2\/posts\/8062\/revisions"}],"wp:attachment":[{"href":"https:\/\/www.oparanews.com.br\/index.php\/wp-json\/wp\/v2\/media?parent=8062"}],"wp:term":[{"taxonomy":"category","embeddable":true,"href":"https:\/\/www.oparanews.com.br\/index.php\/wp-json\/wp\/v2\/categories?post=8062"},{"taxonomy":"post_tag","embeddable":true,"href":"https:\/\/www.oparanews.com.br\/index.php\/wp-json\/wp\/v2\/tags?post=8062"}],"curies":[{"name":"wp","href":"https:\/\/api.w.org\/{rel}","templated":true}]}}