{"id":8065,"date":"2020-07-18T12:29:45","date_gmt":"2020-07-18T12:29:45","guid":{"rendered":"https:\/\/oparanews.com.br\/?p=8065"},"modified":"2020-07-18T12:29:45","modified_gmt":"2020-07-18T12:29:45","slug":"df-e-11-estados-ja-tem-previsao-para-aulas-presenciais","status":"publish","type":"post","link":"https:\/\/www.oparanews.com.br\/index.php\/2020\/07\/18\/df-e-11-estados-ja-tem-previsao-para-aulas-presenciais\/","title":{"rendered":"DF e 11 estados j\u00e1 t\u00eam previs\u00e3o para aulas presenciais"},"content":{"rendered":"<p>Relat\u00f3rio da Federa\u00e7\u00e3o Nacional de Escolas Particulares (Fenep), que monitora o cen\u00e1rio das unidades privadas de ensino, aponta que em 11 Estados e no Distrito Federal h\u00e1 previs\u00e3o para retomar as atividades presenciais. Nos outros 14 Estados, as aulas continuam suspensas e sem data para voltar.<\/p>\n<p>O Distrito Federal deve ser a pr\u00f3xima unidade federativa a reabrir escolas, com retorno das aulas proposto para o pr\u00f3ximo dia 27, segundo o relat\u00f3rio da Fenep. J\u00e1 os governos do Maranh\u00e3o e do Tocantins preveem retomar as atividades a partir de 3 de agosto. Neste m\u00eas, os Estados do Rio Grande do Sul, Mato Grosso do Sul e Rio Grande do Norte tamb\u00e9m pretendem voltar com aulas presenciais.<\/p>\n<p>No Rio, a cidade de Angra dos Reis projeta o retorno das escolas em 17 de agosto. Em Alagoas, as aulas devem voltar na segunda quinzena de agosto ou na primeira quinzena de setembro, de acordo com o governo local. J\u00e1 no Par\u00e1, a cidade de Marab\u00e1 planeja a volta para o dia 3, enquanto a capital Bel\u00e9m s\u00f3 fala em reabertura em setembro.<\/p>\n<p>Al\u00e9m do Estado de S\u00e3o Paulo, a depender do avan\u00e7o local da pandemia, h\u00e1 expectativa de retorno ainda em setembro no Acre e no Piau\u00ed. Nesta sexta-feira, 17, o secret\u00e1rio da Educa\u00e7\u00e3o de S\u00e3o Paulo, Rossieli Soares, ressaltou que est\u00e3o mantidos os protocolos de retomadas das aulas presenciais na educa\u00e7\u00e3o b\u00e1sica.<\/p>\n<p>A retomada das aulas em 8 de setembro est\u00e1 condicionada \u00e0 classifica\u00e7\u00e3o de todas as cidades do Estado na fase amarela do plano de reabertura econ\u00f4mica, o Plano S\u00e3o Paulo. Na segunda-feira, o governo havia autorizado a volta do ensino t\u00e9cnico e de algumas gradua\u00e7\u00f5es na modalidade presencial, al\u00e9m de uma s\u00e9rie de cursos livres.<\/p>\n<p>Em Manaus, as institui\u00e7\u00f5es de ensino privado retomaram as atividades, conforme o quarto ciclo do plano de reabertura gradual das atividades estabelecido pelo governo local. O Estado foi o primeiro do Brasil a autorizar a volta das aulas presenciais, segundo a Fenep. Do total de 87 mil estudantes em Manaus, 60 mil retornaram \u00e0s aulas presenciais. O retorno, com rod\u00edzio de alunos, foi marcado pelo uso de m\u00e1scaras e a instala\u00e7\u00e3o de barreiras acr\u00edlicas.<\/p>\n<p>&nbsp;<\/p>\n<p><strong>Fonte: Terra<\/strong><\/p>\n<p>&nbsp;<\/p>\n","protected":false},"excerpt":{"rendered":"<p>Relat\u00f3rio da Federa\u00e7\u00e3o Nacional de Escolas Particulares (Fenep), que monitora o cen\u00e1rio das unidades privadas de ensino, aponta que em 11 Estados e no Distrito Federal h\u00e1 previs\u00e3o para retomar as atividades presenciais. Nos outros 14 Estados, as aulas continuam suspensas e sem data para voltar. O Distrito Federal deve ser a pr\u00f3xima unidade federativa &hellip;<\/p>\n","protected":false},"author":1,"featured_media":8066,"comment_status":"open","ping_status":"open","sticky":false,"template":"","format":"standard","meta":{"_jetpack_newsletter_access":"","_jetpack_dont_email_post_to_subs":false,"_jetpack_newsletter_tier_id":0,"_jetpack_memberships_contains_paywalled_content":false,"_jetpack_memberships_contains_paid_content":false,"footnotes":""},"categories":[1],"tags":[],"class_list":["post-8065","post","type-post","status-publish","format-standard","has-post-thumbnail","hentry","category-destaque"],"jetpack_sharing_enabled":true,"jetpack_featured_media_url":"","_links":{"self":[{"href":"https:\/\/www.oparanews.com.br\/index.php\/wp-json\/wp\/v2\/posts\/8065","targetHints":{"allow":["GET"]}}],"collection":[{"href":"https:\/\/www.oparanews.com.br\/index.php\/wp-json\/wp\/v2\/posts"}],"about":[{"href":"https:\/\/www.oparanews.com.br\/index.php\/wp-json\/wp\/v2\/types\/post"}],"author":[{"embeddable":true,"href":"https:\/\/www.oparanews.com.br\/index.php\/wp-json\/wp\/v2\/users\/1"}],"replies":[{"embeddable":true,"href":"https:\/\/www.oparanews.com.br\/index.php\/wp-json\/wp\/v2\/comments?post=8065"}],"version-history":[{"count":0,"href":"https:\/\/www.oparanews.com.br\/index.php\/wp-json\/wp\/v2\/posts\/8065\/revisions"}],"wp:attachment":[{"href":"https:\/\/www.oparanews.com.br\/index.php\/wp-json\/wp\/v2\/media?parent=8065"}],"wp:term":[{"taxonomy":"category","embeddable":true,"href":"https:\/\/www.oparanews.com.br\/index.php\/wp-json\/wp\/v2\/categories?post=8065"},{"taxonomy":"post_tag","embeddable":true,"href":"https:\/\/www.oparanews.com.br\/index.php\/wp-json\/wp\/v2\/tags?post=8065"}],"curies":[{"name":"wp","href":"https:\/\/api.w.org\/{rel}","templated":true}]}}