{"id":8071,"date":"2020-07-18T12:38:58","date_gmt":"2020-07-18T12:38:58","guid":{"rendered":"https:\/\/oparanews.com.br\/?p=8071"},"modified":"2020-07-18T12:38:58","modified_gmt":"2020-07-18T12:38:58","slug":"sem-jogos-em-porto-alegre-gaucho-volta-na-quarta-com-gre-nal-em-caxias-do-sul","status":"publish","type":"post","link":"https:\/\/www.oparanews.com.br\/index.php\/2020\/07\/18\/sem-jogos-em-porto-alegre-gaucho-volta-na-quarta-com-gre-nal-em-caxias-do-sul\/","title":{"rendered":"Sem jogos em Porto Alegre, Ga\u00facho volta na quarta com Gre-Nal em Caxias do Sul"},"content":{"rendered":"<p>A volta do Campeonato Ga\u00facho ser\u00e1 apenas com jogos no interior do Rio Grande do Sul e com o cl\u00e1ssico entre Internacional e Gr\u00eamio, na pr\u00f3xima quarta-feira, sendo disputado em Caxias do Sul. Foi o que definiu a Federa\u00e7\u00e3o Ga\u00facha de Futebol ap\u00f3s o veto da Prefeitura de Porto Alegre \u00e0 realiza\u00e7\u00e3o de partidas na capital em fun\u00e7\u00e3o do elevado n\u00famero de casos de coronav\u00edrus na cidade.<\/p>\n<p>O Gre-Nal estava agendado para o Beira-Rio, mas a federa\u00e7\u00e3o agendou a partida para o Est\u00e1dio Centen\u00e1rio, na quarta, a partir das 21h30. As outras partidas agendadas para Porto Alegre tamb\u00e9m tiveram seu local de realiza\u00e7\u00e3o alterado.<\/p>\n<p>A federa\u00e7\u00e3o agendou os jogos das tr\u00eas rodadas finais do Campeonato Ga\u00facho para Bento Gon\u00e7alves, Caxias do Sul, Novo Hamburgo, Pelotas, S\u00e3o Leopoldo e Veran\u00f3polis. E todas as partidas ser\u00e3o realizadas sem a presen\u00e7a de p\u00fablico nos est\u00e1dios.<\/p>\n<p>O Campeonato Ga\u00facho foi paralisado a tr\u00eas rodadas do fim do segundo turno, que ser\u00e1 seguida por semifinal e final. Se o campe\u00e3o n\u00e3o for o Caxias, que faturou o primeiro turno, o torneio ter\u00e1 uma decis\u00e3o. Caso isso n\u00e3o aconte\u00e7a, poder\u00e1 haver um conflito de datas para a disputa da final em dois jogos, pois a CBF prev\u00ea o in\u00edcio do Campeonato Brasileiro para o fim de semana dos dias 8 e 9 de agosto.<\/p>\n<p>Confira a tabela:<\/p>\n<p>4\u00aa rodada<\/p>\n<p>22\/07, \u00e0s 19h &#8211; Pelotas x Brasil, na Boca do Lobo, em Pelotas<\/p>\n<p>22\/07, \u00e0s 21h30 &#8211; Inter x Gr\u00eamio, no Centen\u00e1rio, em Caxias do Sul<\/p>\n<p>22\/07, \u00e0s 21h30 &#8211; Ypiranga x Esportivo, na Montanha dos Vinhedos, em Bento Gon\u00e7alves<\/p>\n<p>22\/07, \u00e0s 21h30 &#8211; Novo Hamburgo x Aimor\u00e9, no Est\u00e1dio do Vale, em Novo Hamburgo<\/p>\n<p>22\/07, \u00e0s 21h30 &#8211; S\u00e3o Luiz x S\u00e3o Jos\u00e9, no Cristo Rei, em S\u00e3o Leopoldo<\/p>\n<p>23\/07, \u00e0s 11h &#8211; Juventude x Caxias, no Alfredo Jaconi, em Caxias do Sul<\/p>\n<p>5\u00aa rodada<\/p>\n<p>25\/07, \u00e0s 19h &#8211; Esportivo x Inter, na Montanha dos Vinhedos, em Bento Gon\u00e7alves<\/p>\n<p>26\/07, \u00e0s 11h &#8211; Gr\u00eamio x Ypiranga, no Alfredo Jaconi, em Caxias do Sul<\/p>\n<p>26\/07, \u00e0s 16h &#8211; Brasil x Juventude, no Est\u00e1dio do Vale, em Novo Hamburgo<\/p>\n<p>26\/07, \u00e0s 16h &#8211; Caxias x Pelotas, no Centen\u00e1rio, em Caxias do Sul<\/p>\n<p>26\/07, \u00e0s 19h &#8211; Aimor\u00e9 x S\u00e3o Luiz, no Cristo Rei, em S\u00e3o Leopoldo<\/p>\n<p>26\/07, \u00e0s 19h &#8211; S\u00e3o Jos\u00e9 x Novo Hamburgo, na Montanha dos Vinhedos, em Bento Gon\u00e7alves<\/p>\n<p>6\u00aa rodada<\/p>\n<p>29\/07, \u00e0s 21h30 &#8211; Novo Hamburgo x Gr\u00eamio, no Est\u00e1dio do Vale, em Novo Hamburgo<\/p>\n<p>29\/07, \u00e0s 21h30 &#8211; Inter x Aimor\u00e9, no Centen\u00e1rio, em Caxias do Sul<\/p>\n<p>29\/07, \u00e0s 21h30 &#8211; Pelotas x S\u00e3o Jos\u00e9, no Cristo Rei, em S\u00e3o Leopoldo<\/p>\n<p>29\/07, \u00e0s 21h30 &#8211; S\u00e3o Luiz x Brasil, no Ant\u00f4nio David Farina, em Veran\u00f3polis<\/p>\n<p>29\/07, \u00e0s 21h30 &#8211; Ypiranga x Caxias, na Montanha dos Vinhedos, em Bento Gon\u00e7alves<\/p>\n<p>29\/07, \u00e0s 21h30 &#8211; Juventude x Esportivo, no Alfredo Jaconi, em Caxias do Sul<\/p>\n<p>&nbsp;<\/p>\n<p><strong>Fonte: Terra<\/strong><\/p>\n<p>&nbsp;<\/p>\n","protected":false},"excerpt":{"rendered":"<p>A volta do Campeonato Ga\u00facho ser\u00e1 apenas com jogos no interior do Rio Grande do Sul e com o cl\u00e1ssico entre Internacional e Gr\u00eamio, na pr\u00f3xima quarta-feira, sendo disputado em Caxias do Sul. Foi o que definiu a Federa\u00e7\u00e3o Ga\u00facha de Futebol ap\u00f3s o veto da Prefeitura de Porto Alegre \u00e0 realiza\u00e7\u00e3o de partidas na &hellip;<\/p>\n","protected":false},"author":1,"featured_media":8072,"comment_status":"open","ping_status":"open","sticky":false,"template":"","format":"standard","meta":{"_jetpack_newsletter_access":"","_jetpack_dont_email_post_to_subs":false,"_jetpack_newsletter_tier_id":0,"_jetpack_memberships_contains_paywalled_content":false,"_jetpack_memberships_contains_paid_content":false,"footnotes":""},"categories":[1],"tags":[],"class_list":["post-8071","post","type-post","status-publish","format-standard","has-post-thumbnail","hentry","category-destaque"],"jetpack_sharing_enabled":true,"jetpack_featured_media_url":"","_links":{"self":[{"href":"https:\/\/www.oparanews.com.br\/index.php\/wp-json\/wp\/v2\/posts\/8071","targetHints":{"allow":["GET"]}}],"collection":[{"href":"https:\/\/www.oparanews.com.br\/index.php\/wp-json\/wp\/v2\/posts"}],"about":[{"href":"https:\/\/www.oparanews.com.br\/index.php\/wp-json\/wp\/v2\/types\/post"}],"author":[{"embeddable":true,"href":"https:\/\/www.oparanews.com.br\/index.php\/wp-json\/wp\/v2\/users\/1"}],"replies":[{"embeddable":true,"href":"https:\/\/www.oparanews.com.br\/index.php\/wp-json\/wp\/v2\/comments?post=8071"}],"version-history":[{"count":0,"href":"https:\/\/www.oparanews.com.br\/index.php\/wp-json\/wp\/v2\/posts\/8071\/revisions"}],"wp:attachment":[{"href":"https:\/\/www.oparanews.com.br\/index.php\/wp-json\/wp\/v2\/media?parent=8071"}],"wp:term":[{"taxonomy":"category","embeddable":true,"href":"https:\/\/www.oparanews.com.br\/index.php\/wp-json\/wp\/v2\/categories?post=8071"},{"taxonomy":"post_tag","embeddable":true,"href":"https:\/\/www.oparanews.com.br\/index.php\/wp-json\/wp\/v2\/tags?post=8071"}],"curies":[{"name":"wp","href":"https:\/\/api.w.org\/{rel}","templated":true}]}}