{"id":8075,"date":"2020-07-18T12:41:51","date_gmt":"2020-07-18T12:41:51","guid":{"rendered":"https:\/\/oparanews.com.br\/?p=8075"},"modified":"2020-07-18T12:41:51","modified_gmt":"2020-07-18T12:41:51","slug":"profissionais-do-asa-sao-submetidos-aos-testes-da-covid-19","status":"publish","type":"post","link":"https:\/\/www.oparanews.com.br\/index.php\/2020\/07\/18\/profissionais-do-asa-sao-submetidos-aos-testes-da-covid-19\/","title":{"rendered":"Profissionais do ASA s\u00e3o submetidos aos testes da Covid-19"},"content":{"rendered":"<p>Nesta sexta-feira (17), profissionais do ASA foram submetidos aos testes da Covid-19, dando continuidade ao planejamento da Federa\u00e7\u00e3o Alagoana de Futebol (FAF), que firmou parceria com um laborat\u00f3rio particular para a realiza\u00e7\u00e3o dos exames nos atletas e demais colaboradores dos clubes do interior de Alagoas que disputam a 1\u00aa divis\u00e3o do Campeonato Alagoano.<\/p>\n<p>Os testes do Alvinegro foram feitos em membros da comiss\u00e3o t\u00e9cnica, atletas e integrantes do Departamento M\u00e9dico e foram realizados na Sala de Imprensa do clube, localizada no Est\u00e1dio Coaracy da Mata Fonseca, em Arapiraca.<\/p>\n<p>Segundo o gerente de futebol do clube, Emanuel Cerqueira, os jogadores que j\u00e1 est\u00e3o em Arapiraca fizeram os testes para o novo coronav\u00edrus, al\u00e9m de outros profissionais do ASA, como o t\u00e9cnico L\u00e9o Goiano, o preparador f\u00edsico Leandro Netto e membros do Departamento M\u00e9dico.<\/p>\n<p>&#8220;S\u00f3 n\u00e3o fizeram os testes os atletas que ainda n\u00e3o puderam chegar a Arapiraca. Assim que eles chegarem, o ASA ir\u00e1 encaminh\u00e1-los a um laborat\u00f3rio da cidade para a realiza\u00e7\u00e3o dos testes&#8221;, afirmou Cerqueira, ao site oficial do ASA.<\/p>\n<p>A testagem sorol\u00f3gica da Covid-19 \u00e9 um procedimento da FAF para retomar as atividades do Campeonato Alagoano 2020, a partir da pr\u00f3xima semana. De acordo com a entidade, o resultado dos exames sair\u00e1 em at\u00e9 dois dias e ser\u00e1 encaminhado a cada equipe. Com os resultados em m\u00e3os, os clubes poder\u00e3o iniciar os treinamentos para a retomada do Estadual.<\/p>\n<p>&nbsp;<\/p>\n<p><strong>Com Ascom ASA<\/strong><\/p>\n<p>&nbsp;<\/p>\n","protected":false},"excerpt":{"rendered":"<p>Nesta sexta-feira (17), profissionais do ASA foram submetidos aos testes da Covid-19, dando continuidade ao planejamento da Federa\u00e7\u00e3o Alagoana de Futebol (FAF), que firmou parceria com um laborat\u00f3rio particular para a realiza\u00e7\u00e3o dos exames nos atletas e demais colaboradores dos clubes do interior de Alagoas que disputam a 1\u00aa divis\u00e3o do Campeonato Alagoano. Os testes &hellip;<\/p>\n","protected":false},"author":1,"featured_media":8076,"comment_status":"open","ping_status":"open","sticky":false,"template":"","format":"standard","meta":{"_jetpack_newsletter_access":"","_jetpack_dont_email_post_to_subs":false,"_jetpack_newsletter_tier_id":0,"_jetpack_memberships_contains_paywalled_content":false,"_jetpack_memberships_contains_paid_content":false,"footnotes":""},"categories":[1],"tags":[],"class_list":["post-8075","post","type-post","status-publish","format-standard","has-post-thumbnail","hentry","category-destaque"],"jetpack_sharing_enabled":true,"jetpack_featured_media_url":"","_links":{"self":[{"href":"https:\/\/www.oparanews.com.br\/index.php\/wp-json\/wp\/v2\/posts\/8075","targetHints":{"allow":["GET"]}}],"collection":[{"href":"https:\/\/www.oparanews.com.br\/index.php\/wp-json\/wp\/v2\/posts"}],"about":[{"href":"https:\/\/www.oparanews.com.br\/index.php\/wp-json\/wp\/v2\/types\/post"}],"author":[{"embeddable":true,"href":"https:\/\/www.oparanews.com.br\/index.php\/wp-json\/wp\/v2\/users\/1"}],"replies":[{"embeddable":true,"href":"https:\/\/www.oparanews.com.br\/index.php\/wp-json\/wp\/v2\/comments?post=8075"}],"version-history":[{"count":0,"href":"https:\/\/www.oparanews.com.br\/index.php\/wp-json\/wp\/v2\/posts\/8075\/revisions"}],"wp:attachment":[{"href":"https:\/\/www.oparanews.com.br\/index.php\/wp-json\/wp\/v2\/media?parent=8075"}],"wp:term":[{"taxonomy":"category","embeddable":true,"href":"https:\/\/www.oparanews.com.br\/index.php\/wp-json\/wp\/v2\/categories?post=8075"},{"taxonomy":"post_tag","embeddable":true,"href":"https:\/\/www.oparanews.com.br\/index.php\/wp-json\/wp\/v2\/tags?post=8075"}],"curies":[{"name":"wp","href":"https:\/\/api.w.org\/{rel}","templated":true}]}}