{"id":8078,"date":"2020-07-18T12:45:57","date_gmt":"2020-07-18T12:45:57","guid":{"rendered":"https:\/\/oparanews.com.br\/?p=8078"},"modified":"2020-07-18T12:45:57","modified_gmt":"2020-07-18T12:45:57","slug":"com-previsao-de-volta-do-alagoano-clubes-reformulam-elencos","status":"publish","type":"post","link":"https:\/\/www.oparanews.com.br\/index.php\/2020\/07\/18\/com-previsao-de-volta-do-alagoano-clubes-reformulam-elencos\/","title":{"rendered":"Com previs\u00e3o de volta do Alagoano, clubes reformulam elencos"},"content":{"rendered":"<p>O Governo de Alagoas sinalizou durante a \u00faltima semana sobre datas para a retomada do Campeonato Alagoano. De acordo com o governador Renan Filho, a competi\u00e7\u00e3o ter\u00e1 o aval para recome\u00e7ar entre os dias 25 e 30 de julho. Informa\u00e7\u00f5es d\u00e3o conta que existe uma possibilidade real de isso acontecer no final de semana de 25 e 26 de julho.<\/p>\n<p>Com esta previs\u00e3o bem clara para os oito clubes que disputam a primeira divis\u00e3o do Estadual, os bastidores come\u00e7am a ser movimentados e entra em a\u00e7\u00e3o a chamada &#8220;dan\u00e7a das cadeiras&#8221;.<\/p>\n<p>Nos dois clubes da capital alagoana, poucas novidades aconteceram durante a paralisa\u00e7\u00e3o por conta da pandemia do novo coronav\u00edrus. No CSA, apenas o lateral esquerdo Igor Fernandes chegou. J\u00e1 no CRB, ningu\u00e9m foi contratado, apenas o meia Diego Torres, anunciado antes da paralisa\u00e7\u00e3o, foi integrado ao elenco, enquanto o volante Bruno Cosendey deixou o Ninho do Galo e retornou ao Vasco da Gama.<\/p>\n<p>J\u00e1 no interior do Estado, a movimenta\u00e7\u00e3o foi grande. Isto se deu porque todos os clubes interioranos desfizeram seus planteis.<\/p>\n<p><strong>ALVINEGRO<\/strong><\/p>\n<p><a href=\"https:\/\/oparanews.com.br\/wp-content\/uploads\/2020\/07\/Sem-t\u00edtulo-141.jpg\"><img loading=\"lazy\" decoding=\"async\" class=\"alignleft size-medium wp-image-8080\" src=\"https:\/\/oparanews.com.br\/wp-content\/uploads\/2020\/07\/Sem-t\u00edtulo-141-300x225.jpg\" alt=\"\" width=\"300\" height=\"225\" \/><\/a><\/p>\n<p>O ASA, por exemplo, suspendeu os contratos dos atletas, inclusive de funcion\u00e1rios, mas ap\u00f3s as sinaliza\u00e7\u00f5es da Federa\u00e7\u00e3o Alagoana de Futebol (FAF) o Alvinegro come\u00e7ou a se movimentar e contratou 16 jogadores, tamb\u00e9m integrou nove atletas da base, al\u00e9m de anunciar o t\u00e9cnico L\u00e9o Goiano.<\/p>\n<p>Entre os contratados do Fantasma, est\u00e1 o experiente goleiro Deola que conta com passagens por grandes clubes do futebol brasileiro como Palmeiras e Vit\u00f3ria-BA. E, ainda, o atacante Leandro Cearense, ex-Fortaleza e Paysandu-PA.<\/p>\n<p><strong>HULK<\/strong><\/p>\n<p>J\u00e1 o Coruripe manteve o t\u00e9cnico Rommel Vieira e 16 atletas do elenco que atuou antes da paralisa\u00e7\u00e3o devido \u00e0 Covid-19. Ainda assim, o Hulk se mexeu e contratou nove jogadores.<\/p>\n<p><a href=\"https:\/\/oparanews.com.br\/wp-content\/uploads\/2020\/07\/Sem-t\u00edtulo-142.jpg\"><img loading=\"lazy\" decoding=\"async\" class=\"alignleft size-medium wp-image-8081\" src=\"https:\/\/oparanews.com.br\/wp-content\/uploads\/2020\/07\/Sem-t\u00edtulo-142-300x225.jpg\" alt=\"\" width=\"300\" height=\"225\" \/><\/a><\/p>\n<p>Para a lateral direita chega Luiz Henrique, ex-Limianos e Vit\u00f3ria de Sernache-POR. J\u00e1 na esquerda quem vestir\u00e1 a camisa alviverde ser\u00e1 Luciano \u00cdndio, ex-Colo Colo-BA e Flamengo de Arcoverde-PE, e para o meio de campo o clube contratou os volantes Aldonys, ex-CEO, e Elizeu, ex-Jaciob\u00e1, al\u00e9m do meio-campista Max, ex-Frei Paulistano. Para o comando de ataque chegaram William, ex-S\u00e3o Paulo Crystal-PB, Alisson Xabala, ex-Campinense e Valdir, ex-Linense-SP, e, ainda o retorno de Allef Manga, que defendeu o Resende no Campeonato Carioca deste ano.<\/p>\n<p><strong>CSE<\/strong><\/p>\n<p>O Tricolor de Palmeira dos \u00cdndios divulgou o elenco na noite dessa quinta-feira (16) e dever\u00e1 contar com 28 jogadores no plantel comandados por Jaelson Marcelino. De acordo com a diretoria, apenas os atletas que testarem negativo para a Covid-19 ser\u00e3o oficializados. Confira a lista com os poss\u00edveis nomes.<\/p>\n<p><strong>JACIOB\u00c1<\/strong><\/p>\n<p>Tamb\u00e9m sem falar em nomes, o presidente do Jaciob\u00e1, Lucilo Brand\u00e3o, contou \u00e0 Gazeta de Alagoas, na \u00faltima quarta-feira (15), que o clube sertanejo j\u00e1 conta com um plantel formado. &#8220;Atualmente, n\u00f3s temos 28 jogadores no elenco. Para a S\u00e9rie D, iremos fazer contrata\u00e7\u00f5es e dispensar alguns&#8221;, afirmou o mandat\u00e1rio.<\/p>\n<p><a href=\"https:\/\/oparanews.com.br\/wp-content\/uploads\/2020\/07\/Sem-t\u00edtulo-143.jpg\"><img loading=\"lazy\" decoding=\"async\" class=\"alignleft size-medium wp-image-8082\" src=\"https:\/\/oparanews.com.br\/wp-content\/uploads\/2020\/07\/Sem-t\u00edtulo-143-300x225.jpg\" alt=\"\" width=\"300\" height=\"225\" \/><\/a><\/p>\n<p><strong>MURICI<\/strong><\/p>\n<p>No Alviverde, a comiss\u00e3o t\u00e9cnica \u00e9 a mesma, tendo \u00e0 frente o t\u00e9cnico Elenilson Santos. Em rela\u00e7\u00e3o ao plantel, o clube perdeu algumas pe\u00e7as para a sequ\u00eancia do Estadual, como o meia-atacante Gleisinho, que foi para o Moto Clube-MA, o goleiro Rodrigo Dias (para o Campinense-PB) e o atacante Deizinho (para o Floresta-CE).<\/p>\n<p>J\u00e1 os volantes Patrick e Victor Hugo continuam se recuperando de cirurgia e n\u00e3o retornam mais nesta temporada. A diretoria do Murici contratou quatro refor\u00e7os, mas at\u00e9 o fechamento desta edi\u00e7\u00e3o, os nomes n\u00e3o tinham sido revelados. Certo \u00e9 que o elenco se apresenta neste s\u00e1bado (17), para fazer os testes de Covid-19, e nesta segunda (20) inicia os treinamentos.<\/p>\n<p><strong>CEO<\/strong><\/p>\n<p>No clube de Olho D\u00b4agua das Flores, todo o elenco foi testado para o novo corona v\u00edrus e o resultado sair\u00e1 at\u00e9 este s\u00e1bado (18). O plantel conta at\u00e9 o momento com 24 atletas, mas que segundo Henrique Martins, diretor financeiro do clube, s\u00f3 dever\u00e1 ter os nomes divulgados ap\u00f3s os resultados dos testes junto a programa\u00e7\u00e3o de treinos.<\/p>\n<p>Quanto \u00e0 comiss\u00e3o t\u00e9cnica, ser\u00e1 mantida e encabe\u00e7ada pelo treinador Alysson Dantas e ter\u00e1 ainda Humberto (Prep. Goleiros) e Igor (Analista de desempenho), tamb\u00e9m permanecem. Enquanto Jadson Barbosa (antes auxiliar de Prep. F\u00edsica) ser\u00e1 o &#8220;titular&#8221; da prepara\u00e7\u00e3o f\u00edsica.<\/p>\n<p>&nbsp;<\/p>\n<p><strong>Fonte: Gazetaweb<\/strong><\/p>\n<p>&nbsp;<\/p>\n","protected":false},"excerpt":{"rendered":"<p>O Governo de Alagoas sinalizou durante a \u00faltima semana sobre datas para a retomada do Campeonato Alagoano. De acordo com o governador Renan Filho, a competi\u00e7\u00e3o ter\u00e1 o aval para recome\u00e7ar entre os dias 25 e 30 de julho. Informa\u00e7\u00f5es d\u00e3o conta que existe uma possibilidade real de isso acontecer no final de semana de &hellip;<\/p>\n","protected":false},"author":1,"featured_media":8079,"comment_status":"open","ping_status":"open","sticky":false,"template":"","format":"standard","meta":{"_jetpack_newsletter_access":"","_jetpack_dont_email_post_to_subs":false,"_jetpack_newsletter_tier_id":0,"_jetpack_memberships_contains_paywalled_content":false,"_jetpack_memberships_contains_paid_content":false,"footnotes":""},"categories":[1],"tags":[],"class_list":["post-8078","post","type-post","status-publish","format-standard","has-post-thumbnail","hentry","category-destaque"],"jetpack_sharing_enabled":true,"jetpack_featured_media_url":"","_links":{"self":[{"href":"https:\/\/www.oparanews.com.br\/index.php\/wp-json\/wp\/v2\/posts\/8078","targetHints":{"allow":["GET"]}}],"collection":[{"href":"https:\/\/www.oparanews.com.br\/index.php\/wp-json\/wp\/v2\/posts"}],"about":[{"href":"https:\/\/www.oparanews.com.br\/index.php\/wp-json\/wp\/v2\/types\/post"}],"author":[{"embeddable":true,"href":"https:\/\/www.oparanews.com.br\/index.php\/wp-json\/wp\/v2\/users\/1"}],"replies":[{"embeddable":true,"href":"https:\/\/www.oparanews.com.br\/index.php\/wp-json\/wp\/v2\/comments?post=8078"}],"version-history":[{"count":0,"href":"https:\/\/www.oparanews.com.br\/index.php\/wp-json\/wp\/v2\/posts\/8078\/revisions"}],"wp:attachment":[{"href":"https:\/\/www.oparanews.com.br\/index.php\/wp-json\/wp\/v2\/media?parent=8078"}],"wp:term":[{"taxonomy":"category","embeddable":true,"href":"https:\/\/www.oparanews.com.br\/index.php\/wp-json\/wp\/v2\/categories?post=8078"},{"taxonomy":"post_tag","embeddable":true,"href":"https:\/\/www.oparanews.com.br\/index.php\/wp-json\/wp\/v2\/tags?post=8078"}],"curies":[{"name":"wp","href":"https:\/\/api.w.org\/{rel}","templated":true}]}}