{"id":8086,"date":"2020-07-19T02:12:08","date_gmt":"2020-07-19T02:12:08","guid":{"rendered":"https:\/\/oparanews.com.br\/?p=8086"},"modified":"2020-07-19T02:12:08","modified_gmt":"2020-07-19T02:12:08","slug":"servico-de-verificacao-de-obito-registra-mais-duas-mortes-por-covid-19-em-penedo","status":"publish","type":"post","link":"https:\/\/www.oparanews.com.br\/index.php\/2020\/07\/19\/servico-de-verificacao-de-obito-registra-mais-duas-mortes-por-covid-19-em-penedo\/","title":{"rendered":"Servi\u00e7o de Verifica\u00e7\u00e3o de \u00d3bito registra mais duas mortes por Covid-19 em Penedo"},"content":{"rendered":"<p>O boletim epidemiol\u00f3gico da Secretaria Municipal de Sa\u00fade (SEMS) deste s\u00e1bado, 18, acrescenta mais duas mortes por Covid-19 em Penedo.<\/p>\n<p>A inclus\u00e3o atestada pelo Servi\u00e7o de Verifica\u00e7\u00e3o de \u00d3bito \u2013 SVO, setor ligado ao Instituto M\u00e9dico Legal (IML) do Governo de Alagoas, diz respeito a dois idosos, um com 76 anos de idade, falecido no Hospital Djacy Barbosa, em Arapiraca; e o outro com 72 anos, que n\u00e3o resistiu \u00e0 gravidade da doen\u00e7a no Hospital do Cora\u00e7\u00e3o, em Macei\u00f3.<\/p>\n<p>As informa\u00e7\u00f5es registradas pela Secretaria de Estado da Sa\u00fade (Sesau) acrescentam que os dois n\u00e3o tinham comorbidades, ou seja, n\u00e3o eram portadores de outras doen\u00e7as que agravam a condi\u00e7\u00e3o do paciente contaminado pelo novo coronav\u00edrus.<\/p>\n<p>Ainda sobre esses dois \u00f3bitos em Penedo, um deles residia no Centro da cidade e o outro no bairro Santa Luzia. Com a atualiza\u00e7\u00e3o dos dados, Penedo passa de 7 para 9 mortes causadas pela doen\u00e7a com 1.381 \u00f3bitos em Alagoas at\u00e9 hoje.<\/p>\n<p>Em rela\u00e7\u00e3o aos demais dados, a SEMS Penedo informa que 305 pessoas est\u00e3o sendo monitoradas e 664 casos de cont\u00e1gio por coronavirus est\u00e3o confirmados. Penedo tem ainda tr\u00eas casos suspeitos, 768 descartados e 571 pessoas j\u00e1 recuperadas da Covid-19.<\/p>\n<p>Locais de Penedo com casos confirmados<\/p>\n<p>O boletim epidemiol\u00f3gico da SEMS Penedo deste s\u00e1bado, 18, apresenta a seguinte distribui\u00e7\u00e3o de casos confirmados de Covid-19, por localidade do munic\u00edpio, considerando \u00e1reas das zonas urbana e rural.<\/p>\n<p>Bairro Dom Constantino \u2013 176<\/p>\n<p>Bairro Santa Luzia \u2013 128<\/p>\n<p>Centro da Cidade \u2013 96<\/p>\n<p>Bairro Raimundo Marinho \u2013 78<\/p>\n<p>Bairro Senhor do Bonfim \u2013 48<\/p>\n<p>Bairro Santo Ant\u00f4nio \u2013 45<\/p>\n<p>Bairro Santa Izabel \u2013 16<\/p>\n<p>Bairro Santa Cec\u00edlia \u2013 03<\/p>\n<p>Zona Rural<\/p>\n<p>Povoado Palmeira Alta \u2013 24<\/p>\n<p>Povoado Tabuleiro dos Negros \u2013 22<\/p>\n<p>Cooperativa 1\u00ba e 2\u00ba N\u00facleo \u2013 17<\/p>\n<p>Povoado Capela \u2013 07<\/p>\n<p>Povoado Santa Margarida \u2013 04<\/p>\n<p>&nbsp;<\/p>\n<p><strong>por Fernando Vin\u00edcius \u2013 Decom PMP<\/strong><\/p>\n<p>&nbsp;<\/p>\n","protected":false},"excerpt":{"rendered":"<p>O boletim epidemiol\u00f3gico da Secretaria Municipal de Sa\u00fade (SEMS) deste s\u00e1bado, 18, acrescenta mais duas mortes por Covid-19 em Penedo. A inclus\u00e3o atestada pelo Servi\u00e7o de Verifica\u00e7\u00e3o de \u00d3bito \u2013 SVO, setor ligado ao Instituto M\u00e9dico Legal (IML) do Governo de Alagoas, diz respeito a dois idosos, um com 76 anos de idade, falecido no &hellip;<\/p>\n","protected":false},"author":1,"featured_media":8087,"comment_status":"open","ping_status":"open","sticky":false,"template":"","format":"standard","meta":{"_jetpack_newsletter_access":"","_jetpack_dont_email_post_to_subs":false,"_jetpack_newsletter_tier_id":0,"_jetpack_memberships_contains_paywalled_content":false,"_jetpack_memberships_contains_paid_content":false,"footnotes":""},"categories":[1],"tags":[],"class_list":["post-8086","post","type-post","status-publish","format-standard","has-post-thumbnail","hentry","category-destaque"],"jetpack_sharing_enabled":true,"jetpack_featured_media_url":"","_links":{"self":[{"href":"https:\/\/www.oparanews.com.br\/index.php\/wp-json\/wp\/v2\/posts\/8086","targetHints":{"allow":["GET"]}}],"collection":[{"href":"https:\/\/www.oparanews.com.br\/index.php\/wp-json\/wp\/v2\/posts"}],"about":[{"href":"https:\/\/www.oparanews.com.br\/index.php\/wp-json\/wp\/v2\/types\/post"}],"author":[{"embeddable":true,"href":"https:\/\/www.oparanews.com.br\/index.php\/wp-json\/wp\/v2\/users\/1"}],"replies":[{"embeddable":true,"href":"https:\/\/www.oparanews.com.br\/index.php\/wp-json\/wp\/v2\/comments?post=8086"}],"version-history":[{"count":0,"href":"https:\/\/www.oparanews.com.br\/index.php\/wp-json\/wp\/v2\/posts\/8086\/revisions"}],"wp:attachment":[{"href":"https:\/\/www.oparanews.com.br\/index.php\/wp-json\/wp\/v2\/media?parent=8086"}],"wp:term":[{"taxonomy":"category","embeddable":true,"href":"https:\/\/www.oparanews.com.br\/index.php\/wp-json\/wp\/v2\/categories?post=8086"},{"taxonomy":"post_tag","embeddable":true,"href":"https:\/\/www.oparanews.com.br\/index.php\/wp-json\/wp\/v2\/tags?post=8086"}],"curies":[{"name":"wp","href":"https:\/\/api.w.org\/{rel}","templated":true}]}}