{"id":8089,"date":"2020-07-19T12:59:08","date_gmt":"2020-07-19T12:59:08","guid":{"rendered":"https:\/\/oparanews.com.br\/?p=8089"},"modified":"2020-07-19T12:59:08","modified_gmt":"2020-07-19T12:59:08","slug":"dom-henrique-soares-morre-aos-57-anos-vitima-da-covid-19","status":"publish","type":"post","link":"https:\/\/www.oparanews.com.br\/index.php\/2020\/07\/19\/dom-henrique-soares-morre-aos-57-anos-vitima-da-covid-19\/","title":{"rendered":"Dom Henrique Soares morre aos 57 anos v\u00edtima da Covid-19"},"content":{"rendered":"<p>Faleceu no s\u00e1bado (18), v\u00edtima da Covid-19, Dom Henrique Soares da Costa. Ele tinha 57 anos e era alagoano de Penedo. O religioso estava internado no Hospital Memorial S\u00e3o Jos\u00e9, em Recife, desde o dia 4 de julho.<\/p>\n<p>Dom Henrique foi nomeado em 2009, pelo ent\u00e3o Papa Bento XVI, como Bispo Auxiliar da Arquidiocese de Aracaju, em Sergipe. No mesmo ano, foi ordenado bispo pela Arquidiocese de Macei\u00f3. Em 2014, passou a exercer o bispado na Diocese de Palmares, em Pernambuco, nomeado pelo Papa Francisco.<\/p>\n<p>Em comunicado publicado na p\u00e1gina oficial, a Diocese de Palmares lamentou o falecimento do religioso e agradeceu o apoio dos fi\u00e9is.<\/p>\n<p>&#8220;Agradecemos a todos pelas ora\u00e7\u00f5es e preces pelo nosso Bispo nestes dias em que esteve entregue \u00e0 vontade de Deus, tendo sido chamado por Ele \u00e0 eternidade. Da mesma forma, agradecemos \u00e0 fam\u00edlia de Dom Henrique por ter confiado a sua vida e voca\u00e7\u00e3o \u00e0 Igreja do Senhor&#8221;, diz trecho do comunicado.<\/p>\n<p>Por causa das regras sanit\u00e1rias como preven\u00e7\u00e3o ao cont\u00e1gio pelo novo coronav\u00edrus, a Missa Exequial \u00e9 celebrada neste domingo (19), \u00e0s 10h, apenas na presen\u00e7a de bispos, sacerdotes e di\u00e1conos, al\u00e9m de familiares de Dom Henrique.<\/p>\n<p>O sepultamento do corpo de Dom Henrique acontece na Catedral Diocesana de Nossa Senhora da Concei\u00e7\u00e3o dos Montes, em Palmares.<\/p>\n<p>A forma\u00e7\u00e3o de Dom Henrique Soares<\/p>\n<p>Henrique Soares da Costa nasceu no dia 11 de abril de 1963 em Penedo, regi\u00e3o do Baixo S\u00e3o Francisco alagoano. Ingressou aos 18 anos no Semin\u00e1rio de Maceiro e concluiu o bacharelado em filosocia pela Universidade Federal de Alagoas (Ufal) em 1984.<\/p>\n<p>De 1985 a 1989 foi novi\u00e7o no Mosteiro de S\u00e3o Bento, na cidade do Rio de Janeiro, e no Mosteiro Trapista de Nossa Senhora do Novo Mundo.<\/p>\n<p>Ao regrassar para o Semin\u00e1rio de Macei\u00f3, em 1990, iniciou a faculdade de Teologia. No ano seguinte, foi para Roma e concluiu a Teologia na Pontif\u00edcia Universidade Gregoriana, com mestrado em Teologia Dogm\u00e1tica.<\/p>\n<p>Foi ordenado sacerdote no dia 15 de agosto de 1992. Como sacerdote, foi reitor da Igreja Nossa Senhora do Livramento, em Macei\u00f3, de 1994 a 2009 foi professor de teologia no Semin\u00e1rio Provincial de Macei\u00f3 e no Curso de Teologia do Centro de Estudos Superiores de Macei\u00f3. Tamb\u00e9m foi professor no Instituto Franciscano de Teologia, em Olinda (PE), e no Instituto Sedes Sapientiae, no Recife.<\/p>\n<p>&nbsp;<\/p>\n<p><strong>Fonte: G1\/AL<\/strong><\/p>\n<p>&nbsp;<\/p>\n","protected":false},"excerpt":{"rendered":"<p>Faleceu no s\u00e1bado (18), v\u00edtima da Covid-19, Dom Henrique Soares da Costa. Ele tinha 57 anos e era alagoano de Penedo. O religioso estava internado no Hospital Memorial S\u00e3o Jos\u00e9, em Recife, desde o dia 4 de julho. Dom Henrique foi nomeado em 2009, pelo ent\u00e3o Papa Bento XVI, como Bispo Auxiliar da Arquidiocese de &hellip;<\/p>\n","protected":false},"author":1,"featured_media":8090,"comment_status":"open","ping_status":"open","sticky":false,"template":"","format":"standard","meta":{"_jetpack_newsletter_access":"","_jetpack_dont_email_post_to_subs":false,"_jetpack_newsletter_tier_id":0,"_jetpack_memberships_contains_paywalled_content":false,"_jetpack_memberships_contains_paid_content":false,"footnotes":""},"categories":[1],"tags":[],"class_list":["post-8089","post","type-post","status-publish","format-standard","has-post-thumbnail","hentry","category-destaque"],"jetpack_sharing_enabled":true,"jetpack_featured_media_url":"","_links":{"self":[{"href":"https:\/\/www.oparanews.com.br\/index.php\/wp-json\/wp\/v2\/posts\/8089","targetHints":{"allow":["GET"]}}],"collection":[{"href":"https:\/\/www.oparanews.com.br\/index.php\/wp-json\/wp\/v2\/posts"}],"about":[{"href":"https:\/\/www.oparanews.com.br\/index.php\/wp-json\/wp\/v2\/types\/post"}],"author":[{"embeddable":true,"href":"https:\/\/www.oparanews.com.br\/index.php\/wp-json\/wp\/v2\/users\/1"}],"replies":[{"embeddable":true,"href":"https:\/\/www.oparanews.com.br\/index.php\/wp-json\/wp\/v2\/comments?post=8089"}],"version-history":[{"count":0,"href":"https:\/\/www.oparanews.com.br\/index.php\/wp-json\/wp\/v2\/posts\/8089\/revisions"}],"wp:attachment":[{"href":"https:\/\/www.oparanews.com.br\/index.php\/wp-json\/wp\/v2\/media?parent=8089"}],"wp:term":[{"taxonomy":"category","embeddable":true,"href":"https:\/\/www.oparanews.com.br\/index.php\/wp-json\/wp\/v2\/categories?post=8089"},{"taxonomy":"post_tag","embeddable":true,"href":"https:\/\/www.oparanews.com.br\/index.php\/wp-json\/wp\/v2\/tags?post=8089"}],"curies":[{"name":"wp","href":"https:\/\/api.w.org\/{rel}","templated":true}]}}