{"id":8092,"date":"2020-07-19T23:58:29","date_gmt":"2020-07-19T23:58:29","guid":{"rendered":"https:\/\/oparanews.com.br\/?p=8092"},"modified":"2020-07-19T23:58:29","modified_gmt":"2020-07-19T23:58:29","slug":"alagoas-tem-50-079-casos-da-covid-19-e-1-397-obitos","status":"publish","type":"post","link":"https:\/\/www.oparanews.com.br\/index.php\/2020\/07\/19\/alagoas-tem-50-079-casos-da-covid-19-e-1-397-obitos\/","title":{"rendered":"Alagoas tem 50.079 casos da Covid-19 e 1.397 \u00f3bitos"},"content":{"rendered":"<p>O Boletim Epidemiol\u00f3gico deste domingo (19\/07) confirma mais 496 casos de Covid-19 em Alagoas. Dessa forma, o estado tem um total de 50.079 casos confirmados do novo coronav\u00edrus at\u00e9 o momento, dos quais 5.168 est\u00e3o em isolamento domiciliar e 170 internados em leitos p\u00fablicos e privados. Outros 43.342 pacientes j\u00e1 finalizaram o per\u00edodo de isolamento, n\u00e3o apresentam mais sintomas e, portanto, est\u00e3o recuperados da doen\u00e7a. H\u00e1 823 casos em investiga\u00e7\u00e3o laboratorial. Foram registradas mais 16 mortes em territ\u00f3rio alagoano. Com isso, Alagoas tem 1.397 \u00f3bitos por Covid-19.<\/p>\n<p><a href=\"https:\/\/oparanews.com.br\/wp-content\/uploads\/2020\/07\/Sem-t\u00edtulo-146.jpg\"><img loading=\"lazy\" decoding=\"async\" class=\"alignleft size-medium wp-image-8093\" src=\"https:\/\/oparanews.com.br\/wp-content\/uploads\/2020\/07\/Sem-t\u00edtulo-146-240x300.jpg\" alt=\"\" width=\"240\" height=\"300\" \/><\/a>Mais 16 mortes foram confirmadas, laboratorialmente, por causa do novo coronav\u00edrus. Quatro v\u00edtimas eram residentes em Macei\u00f3 e todas do sexo feminino. A mulher de 59 anos n\u00e3o tinha registro de comorbidades e faleceu no Hospital Metropolitano; a v\u00edtima de 76 anos tinha diabetes e faleceu no Hospital da Mulher; a mulher de 72 anos era diab\u00e9tica e faleceu na UPA Trapiche; e a v\u00edtima de 72 anos tinha diabetes e faleceu na Santa Casa Macei\u00f3.<\/p>\n<p>A Covid-19 vitimou mais doze pessoas que moravam no interior do Estado, sendo oito homens e quatro mulheres. O homem de 67 anos, de Palmeira dos \u00cdndios, n\u00e3o tinha registro de comorbidades e faleceu no Hospital Daniel Houly; o homem de 63 anos, tamb\u00e9m de Palmeira dos \u00cdndios, era hipertenso e faleceu no Hospital da Mulher; o homem de 61 anos, de S\u00e3o Lu\u00eds do Quitunde, era diab\u00e9tico e faleceu em sua resid\u00eancia; o homem de 78 anos, de S\u00e3o Sebasti\u00e3o, era diab\u00e9tico e faleceu no Hospital Carvalho Beltr\u00e3o; o homem de 64 anos, de Teot\u00f4nio Vilela, era asm\u00e1tico e hipertenso e faleceu no Hospital da Mulher; outro homem de Teot\u00f4nio Vilela, 66 anos, n\u00e3o tinha registro de comorbidades e faleceu no Hospital Daniel Houly; o homem de 71 anos, de Arapiraca, n\u00e3o tinha registro de comorbidades e faleceu no Hospital Daniel Houly; outro homem de Arapiraca, de 73 anos, n\u00e3o tinha registro de comorbidades e faleceu no Hospital de Campanha de Girau do Ponciano.<\/p>\n<p>Em rela\u00e7\u00e3o aos \u00f3bitos do sexo feminino, a mulher de 69 anos, de Arapiraca, era hipertensa e faleceu no Hospital Regional; a v\u00edtima de 76 anos, de Marechal Deodoro, era hipertensa e faleceu na Santa Casa Macei\u00f3; a mulher de 73 anos, de Col\u00f4nia Leopoldina, n\u00e3o tinha registro de comorbidades e faleceu no Hospital Veredas; e a v\u00edtima de 74 anos, de Pia\u00e7abu\u00e7u, n\u00e3o tinha registro de comorbidades e faleceu no Hospital Chama.<\/p>\n<p>Leitos de Covid-19 do Estado \u2013 Dos 1.312 leitos criados pela Secretaria de Estado da Sa\u00fade (Sesau) para atender, exclusivamente, pacientes com suspeita e confirma\u00e7\u00e3o de infec\u00e7\u00e3o pelo novo coronav\u00edrus, 491 estavam ocupados at\u00e9 as 11h do domingo (19\/07), o que corresponde a 37% do total. Atualmente, 174 pacientes est\u00e3o em leitos de UTI, 13 em leitos intermedi\u00e1rios e 304 em enfermaria. Para acompanhar a evolu\u00e7\u00e3o da ocupa\u00e7\u00e3o dos leitos exclusivos para Covid-19, acesse http:\/\/www.alagoascontraocoronavirus.com.br\/<\/p>\n<p>&nbsp;<\/p>\n<p><strong>Fonte: Sesau\/Al<\/strong><\/p>\n<p>&nbsp;<\/p>\n","protected":false},"excerpt":{"rendered":"<p>O Boletim Epidemiol\u00f3gico deste domingo (19\/07) confirma mais 496 casos de Covid-19 em Alagoas. Dessa forma, o estado tem um total de 50.079 casos confirmados do novo coronav\u00edrus at\u00e9 o momento, dos quais 5.168 est\u00e3o em isolamento domiciliar e 170 internados em leitos p\u00fablicos e privados. Outros 43.342 pacientes j\u00e1 finalizaram o per\u00edodo de isolamento, &hellip;<\/p>\n","protected":false},"author":1,"featured_media":8094,"comment_status":"open","ping_status":"open","sticky":false,"template":"","format":"standard","meta":{"_jetpack_newsletter_access":"","_jetpack_dont_email_post_to_subs":false,"_jetpack_newsletter_tier_id":0,"_jetpack_memberships_contains_paywalled_content":false,"_jetpack_memberships_contains_paid_content":false,"footnotes":""},"categories":[1],"tags":[],"class_list":["post-8092","post","type-post","status-publish","format-standard","has-post-thumbnail","hentry","category-destaque"],"jetpack_sharing_enabled":true,"jetpack_featured_media_url":"","_links":{"self":[{"href":"https:\/\/www.oparanews.com.br\/index.php\/wp-json\/wp\/v2\/posts\/8092","targetHints":{"allow":["GET"]}}],"collection":[{"href":"https:\/\/www.oparanews.com.br\/index.php\/wp-json\/wp\/v2\/posts"}],"about":[{"href":"https:\/\/www.oparanews.com.br\/index.php\/wp-json\/wp\/v2\/types\/post"}],"author":[{"embeddable":true,"href":"https:\/\/www.oparanews.com.br\/index.php\/wp-json\/wp\/v2\/users\/1"}],"replies":[{"embeddable":true,"href":"https:\/\/www.oparanews.com.br\/index.php\/wp-json\/wp\/v2\/comments?post=8092"}],"version-history":[{"count":0,"href":"https:\/\/www.oparanews.com.br\/index.php\/wp-json\/wp\/v2\/posts\/8092\/revisions"}],"wp:attachment":[{"href":"https:\/\/www.oparanews.com.br\/index.php\/wp-json\/wp\/v2\/media?parent=8092"}],"wp:term":[{"taxonomy":"category","embeddable":true,"href":"https:\/\/www.oparanews.com.br\/index.php\/wp-json\/wp\/v2\/categories?post=8092"},{"taxonomy":"post_tag","embeddable":true,"href":"https:\/\/www.oparanews.com.br\/index.php\/wp-json\/wp\/v2\/tags?post=8092"}],"curies":[{"name":"wp","href":"https:\/\/api.w.org\/{rel}","templated":true}]}}