{"id":8099,"date":"2020-07-20T00:13:51","date_gmt":"2020-07-20T00:13:51","guid":{"rendered":"https:\/\/oparanews.com.br\/?p=8099"},"modified":"2020-07-20T00:13:51","modified_gmt":"2020-07-20T00:13:51","slug":"mauricio-souza-do-sub-20-sera-o-interino-do-flamengo","status":"publish","type":"post","link":"https:\/\/www.oparanews.com.br\/index.php\/2020\/07\/20\/mauricio-souza-do-sub-20-sera-o-interino-do-flamengo\/","title":{"rendered":"Maur\u00edcio Souza, do sub-20, ser\u00e1 o interino do Flamengo"},"content":{"rendered":"<p>Ainda sem ter encontrado o substituto para Jorge Jesus, o Flamengo definiu quem vai comandar o time enquanto a diretoria n\u00e3o anunciar o nome do novo t\u00e9cnico. Neste domingo, o clube comunicou que Maur\u00edcio Souza ser\u00e1 o respons\u00e1vel por dirigir a equipe a partir da reapresenta\u00e7\u00e3o, na pr\u00f3xima quarta-feira.<\/p>\n<p>O Flamengo conquistou o t\u00edtulo do Campeonato Carioca na \u00faltima quarta ao derrotar o Fluminense por 1 a 0. Depois disso, o elenco ganhou folga, mas viu Jesus definir a sua sa\u00edda na sexta-feira, para reassumir o Benfica. E Maur\u00edcio Souza ser\u00e1 o respons\u00e1vel por dirigi-los temporariamente, a partir de quarta, no Ninho do Urubu.<\/p>\n<p>&#8220;O Clube de Regatas do Flamengo informa que o t\u00e9cnico do sub-20 Maur\u00edcio Souza comandar\u00e1 as atividades do elenco profissional at\u00e9 a chegada do novo treinador. A reapresenta\u00e7\u00e3o est\u00e1 marcada para a pr\u00f3xima quarta-feira&#8221;, comunicou o Flamengo em seu perfil no Twitter.<\/p>\n<p>T\u00e9cnico dos juniores, Maur\u00edcio Sousa foi auxiliar do t\u00e9cnico Maur\u00edcio Barbieri em 2018. Al\u00e9m disso, no come\u00e7o desta temporada, enquanto o elenco principal ainda estava em f\u00e9rias, dirigiu o Flamengo, composto basicamente por atletas da base, nas quatro primeiras rodadas da Ta\u00e7a Guanabara, com duas vit\u00f3rias, um empate e uma derrota.<\/p>\n<p>A diretoria do Flamengo tem prefer\u00eancia por um treinador estrangeiro para substituir Jesus. O portugu\u00eas Leonardo Jardim e o espanhol Miguel \u00c1ngel Ram\u00edrez, do Independiente del Valle, s\u00e3o vistos como nomes na mira do clube carioca.<\/p>\n<p>&nbsp;<\/p>\n<p><strong>Fonte: Terra<\/strong><\/p>\n<p>&nbsp;<\/p>\n","protected":false},"excerpt":{"rendered":"<p>Ainda sem ter encontrado o substituto para Jorge Jesus, o Flamengo definiu quem vai comandar o time enquanto a diretoria n\u00e3o anunciar o nome do novo t\u00e9cnico. Neste domingo, o clube comunicou que Maur\u00edcio Souza ser\u00e1 o respons\u00e1vel por dirigir a equipe a partir da reapresenta\u00e7\u00e3o, na pr\u00f3xima quarta-feira. O Flamengo conquistou o t\u00edtulo do &hellip;<\/p>\n","protected":false},"author":1,"featured_media":8100,"comment_status":"open","ping_status":"open","sticky":false,"template":"","format":"standard","meta":{"_jetpack_newsletter_access":"","_jetpack_dont_email_post_to_subs":false,"_jetpack_newsletter_tier_id":0,"_jetpack_memberships_contains_paywalled_content":false,"_jetpack_memberships_contains_paid_content":false,"footnotes":""},"categories":[1],"tags":[],"class_list":["post-8099","post","type-post","status-publish","format-standard","has-post-thumbnail","hentry","category-destaque"],"jetpack_sharing_enabled":true,"jetpack_featured_media_url":"","_links":{"self":[{"href":"https:\/\/www.oparanews.com.br\/index.php\/wp-json\/wp\/v2\/posts\/8099","targetHints":{"allow":["GET"]}}],"collection":[{"href":"https:\/\/www.oparanews.com.br\/index.php\/wp-json\/wp\/v2\/posts"}],"about":[{"href":"https:\/\/www.oparanews.com.br\/index.php\/wp-json\/wp\/v2\/types\/post"}],"author":[{"embeddable":true,"href":"https:\/\/www.oparanews.com.br\/index.php\/wp-json\/wp\/v2\/users\/1"}],"replies":[{"embeddable":true,"href":"https:\/\/www.oparanews.com.br\/index.php\/wp-json\/wp\/v2\/comments?post=8099"}],"version-history":[{"count":0,"href":"https:\/\/www.oparanews.com.br\/index.php\/wp-json\/wp\/v2\/posts\/8099\/revisions"}],"wp:attachment":[{"href":"https:\/\/www.oparanews.com.br\/index.php\/wp-json\/wp\/v2\/media?parent=8099"}],"wp:term":[{"taxonomy":"category","embeddable":true,"href":"https:\/\/www.oparanews.com.br\/index.php\/wp-json\/wp\/v2\/categories?post=8099"},{"taxonomy":"post_tag","embeddable":true,"href":"https:\/\/www.oparanews.com.br\/index.php\/wp-json\/wp\/v2\/tags?post=8099"}],"curies":[{"name":"wp","href":"https:\/\/api.w.org\/{rel}","templated":true}]}}