{"id":8110,"date":"2020-07-20T00:40:35","date_gmt":"2020-07-20T00:40:35","guid":{"rendered":"https:\/\/oparanews.com.br\/?p=8110"},"modified":"2020-07-20T00:40:35","modified_gmt":"2020-07-20T00:40:35","slug":"alagoas-volta-a-ser-destaque-por-praticas-educacionais-realizadas-na-pandemia","status":"publish","type":"post","link":"https:\/\/www.oparanews.com.br\/index.php\/2020\/07\/20\/alagoas-volta-a-ser-destaque-por-praticas-educacionais-realizadas-na-pandemia\/","title":{"rendered":"Alagoas volta a ser destaque por pr\u00e1ticas educacionais realizadas na pandemia"},"content":{"rendered":"<p>Neste per\u00edodo em que as escolas de todo o Brasil tiveram que repensar o fazer educacional em virtude do isolamento social, Alagoas tem se destacado nacionalmente com pr\u00e1ticas inovadoras realizadas durante a pandemia e implementadas por meio do Regime Especial de Atividades Escolares N\u00e3o Presenciais (REAENP). Ap\u00f3s ter tr\u00eas a\u00e7\u00f5es selecionadas para a compila\u00e7\u00e3o \u201cEduca\u00e7\u00e3o na Pandemia \u2013 Guia de Boas Pr\u00e1ticas\u201d, dos Institutos Sonho Grande Natura, agora, o estado aparece no webinar \u201cPr\u00e1ticas de Sucesso no Ensino Remoto\u201d, promovido pela Funda\u00e7\u00e3o de Desenvolvimento Gerencial (FDG) com iniciativa da Escola Estadual Comendador Jos\u00e9 da Silva Peixoto.<\/p>\n<p>No webin\u00e1rio, que tamb\u00e9m contou com exposi\u00e7\u00f5es de projetos de Mina Gerais, Santa Catarina e Rio Grande do Sul, a escola de Penedo apresentou a sua primeira gincana virtual, o Gingatech. Um dos idealizadores da a\u00e7\u00e3o, o professor de Artes Leandro Santana falou da iniciativa, que foi de car\u00e1ter interdisciplinar e mobilizou quase mil estudantes do ensino fundamental, m\u00e9dio e Educa\u00e7\u00e3o de Jovens e Adultos (EJA).<\/p>\n<p>\u201cQuisemos trabalhar diversas linguagens em uma gincana que antes era presencial e agora precisava ser virtual, mas sem deixar de lado o principal objetivo: o protagonismo do aluno. Durante tr\u00eas semanas, eles postaram diversas atividades, que iriam de concursos de par\u00f3dia, jogos, desafios no aplicativo tik tok. Tivemos ainda um quiz de perguntas sobre o filme \u2018O Auto da Compadecida\u2019, onde trabalhamos temas ligados \u00e0 hist\u00f3ria, sociologia, geografia. O resultado foi o melhor poss\u00edvel, pois envolveu tamb\u00e9m os familiares\u201d, relata Leandro.<\/p>\n<p>Mobiliza\u00e7\u00e3o &#8211; A gestora da unidade, Raqueline Souza, comemorou o reconhecimento da pr\u00e1tica nacionalmente. \u201cFoi uma a\u00e7\u00e3o que envolveu toda a cidade de Penedo, pois fomos aos meios de comunica\u00e7\u00e3o local divulg\u00e1-la. Estudantes do 6\u00ba ano at\u00e9 a EJA se empenharam e apresentaram trabalhos bel\u00edssimos, o que incluiu cordel, dan\u00e7as, apresenta\u00e7\u00f5es musicais. Ver estas a\u00e7\u00f5es serem destaque em um webin\u00e1rio nacional \u00e9 gratificante para todos que fazem a Comendador\u201d, destaca Raqueline.<\/p>\n<p>Os trabalhos da Gincatech podem ser conferidos no integram da escola (@orgulho_de_ser_comendador) como tamb\u00e9m a apresenta\u00e7\u00e3o da escola no webinar \u201cPr\u00e1ticas de Sucesso no Ensino Remoto\u201d, da FDG, pelo canal da Funda\u00e7\u00e3o no Youtube ou pelo link https:\/\/www.youtube.com\/watch?v=L6nQ2wm-5mE, no trecho de 1:12:23 a 1:23:00.<\/p>\n<p>Pr\u00eamio Gest\u00e3o Escolar \u2013 Escolas das redes estadual e municipais com pr\u00e1ticas educacionais exitosas neste per\u00edodo de pandemia tamb\u00e9m podem apresentar o resultado do seu trabalho fazendo inscri\u00e7\u00e3o no Pr\u00eamio Gest\u00e3o Escolar (PGE) at\u00e9 o dia 15 de agosto pelo site premiogestaoescolar.com.br.<\/p>\n<p>Uma iniciativa do Conselho Nacional de Secret\u00e1rios de Educa\u00e7\u00e3o (Consed), a premia\u00e7\u00e3o, que evidenciar\u00e1 a\u00e7\u00f5es criativas adotadas pelas institui\u00e7\u00f5es para dar continuidade \u00e0 aprendizagem de seus estudantes, reconhecer\u00e1 n\u00e3o s\u00f3 o gestor, mas toda a equipe escolar.<\/p>\n<p>&nbsp;<\/p>\n<p><strong>por Ana Paula Lins\/Ag\u00eancia Alagoas<\/strong><\/p>\n<p>&nbsp;<\/p>\n","protected":false},"excerpt":{"rendered":"<p>Neste per\u00edodo em que as escolas de todo o Brasil tiveram que repensar o fazer educacional em virtude do isolamento social, Alagoas tem se destacado nacionalmente com pr\u00e1ticas inovadoras realizadas durante a pandemia e implementadas por meio do Regime Especial de Atividades Escolares N\u00e3o Presenciais (REAENP). Ap\u00f3s ter tr\u00eas a\u00e7\u00f5es selecionadas para a compila\u00e7\u00e3o \u201cEduca\u00e7\u00e3o &hellip;<\/p>\n","protected":false},"author":1,"featured_media":8111,"comment_status":"open","ping_status":"open","sticky":false,"template":"","format":"standard","meta":{"_jetpack_newsletter_access":"","_jetpack_dont_email_post_to_subs":false,"_jetpack_newsletter_tier_id":0,"_jetpack_memberships_contains_paywalled_content":false,"_jetpack_memberships_contains_paid_content":false,"footnotes":""},"categories":[1],"tags":[],"class_list":["post-8110","post","type-post","status-publish","format-standard","has-post-thumbnail","hentry","category-destaque"],"jetpack_sharing_enabled":true,"jetpack_featured_media_url":"","_links":{"self":[{"href":"https:\/\/www.oparanews.com.br\/index.php\/wp-json\/wp\/v2\/posts\/8110","targetHints":{"allow":["GET"]}}],"collection":[{"href":"https:\/\/www.oparanews.com.br\/index.php\/wp-json\/wp\/v2\/posts"}],"about":[{"href":"https:\/\/www.oparanews.com.br\/index.php\/wp-json\/wp\/v2\/types\/post"}],"author":[{"embeddable":true,"href":"https:\/\/www.oparanews.com.br\/index.php\/wp-json\/wp\/v2\/users\/1"}],"replies":[{"embeddable":true,"href":"https:\/\/www.oparanews.com.br\/index.php\/wp-json\/wp\/v2\/comments?post=8110"}],"version-history":[{"count":0,"href":"https:\/\/www.oparanews.com.br\/index.php\/wp-json\/wp\/v2\/posts\/8110\/revisions"}],"wp:attachment":[{"href":"https:\/\/www.oparanews.com.br\/index.php\/wp-json\/wp\/v2\/media?parent=8110"}],"wp:term":[{"taxonomy":"category","embeddable":true,"href":"https:\/\/www.oparanews.com.br\/index.php\/wp-json\/wp\/v2\/categories?post=8110"},{"taxonomy":"post_tag","embeddable":true,"href":"https:\/\/www.oparanews.com.br\/index.php\/wp-json\/wp\/v2\/tags?post=8110"}],"curies":[{"name":"wp","href":"https:\/\/api.w.org\/{rel}","templated":true}]}}