{"id":8116,"date":"2020-07-20T17:41:54","date_gmt":"2020-07-20T17:41:54","guid":{"rendered":"https:\/\/oparanews.com.br\/?p=8116"},"modified":"2020-07-20T17:41:54","modified_gmt":"2020-07-20T17:41:54","slug":"ministro-da-educacao-diz-que-esta-com-covid-19","status":"publish","type":"post","link":"https:\/\/www.oparanews.com.br\/index.php\/2020\/07\/20\/ministro-da-educacao-diz-que-esta-com-covid-19\/","title":{"rendered":"Ministro da Educa\u00e7\u00e3o diz que est\u00e1 com Covid-19"},"content":{"rendered":"<p>O ministro da Educa\u00e7\u00e3o, Milton Ribeiro, afirmou no in\u00edcio da tarde desta segunda-feira (20) que est\u00e1 com Covid-19.<\/p>\n<p>&#8220;Acabo de receber agora pela manh\u00e3 resultado positivo para COVID. J\u00e1 estou medicado e despacharei remotamente&#8221;, afirmou em uma rede social.<\/p>\n<p>O pastor e professor \u00e9 o quarto a chefiar o Minist\u00e9rio da Educa\u00e7\u00e3o e foi empossado na \u00faltima quinta-feira (16). O an\u00fancio de que ele est\u00e1 com Covid-19 ocorre enquanto se intensificam as negocia\u00e7\u00f5es sobre a renova\u00e7\u00e3o do Fundeb, um dos principais desafios da pasta.<\/p>\n<p>Tamb\u00e9m nesta segunda-feira, o ministro da Cidadania, Onyx Lorenzoni, afirmou que contraiu a doen\u00e7a.<\/p>\n<p>Al\u00e9m de Ribeiro e Lorenzoni, j\u00e1 pegaram Covid-19 os ministros Augusto Heleno (Gabinete de Seguran\u00e7a Institucional), e Bento Albuquerque (Minas e Energia). O secret\u00e1rio-executivo do Minist\u00e9rio das Comunica\u00e7\u00f5es, F\u00e1bio Wajngarten, tamb\u00e9m contraiu a doen\u00e7a.<\/p>\n<p>O presidente Jair Bolsonaro, anunciou h\u00e1 duas semanas que contraiu a Covid-19. Desde ent\u00e3o, ele vem trabalhando na resid\u00eancia oficial do Pal\u00e1cio da Alvorada.<\/p>\n<p>&nbsp;<\/p>\n<p><strong>Fonte: G1<\/strong><\/p>\n<p>&nbsp;<\/p>\n","protected":false},"excerpt":{"rendered":"<p>O ministro da Educa\u00e7\u00e3o, Milton Ribeiro, afirmou no in\u00edcio da tarde desta segunda-feira (20) que est\u00e1 com Covid-19. &#8220;Acabo de receber agora pela manh\u00e3 resultado positivo para COVID. J\u00e1 estou medicado e despacharei remotamente&#8221;, afirmou em uma rede social. O pastor e professor \u00e9 o quarto a chefiar o Minist\u00e9rio da Educa\u00e7\u00e3o e foi empossado &hellip;<\/p>\n","protected":false},"author":1,"featured_media":8117,"comment_status":"open","ping_status":"open","sticky":false,"template":"","format":"standard","meta":{"_jetpack_newsletter_access":"","_jetpack_dont_email_post_to_subs":false,"_jetpack_newsletter_tier_id":0,"_jetpack_memberships_contains_paywalled_content":false,"_jetpack_memberships_contains_paid_content":false,"footnotes":""},"categories":[1],"tags":[],"class_list":["post-8116","post","type-post","status-publish","format-standard","has-post-thumbnail","hentry","category-destaque"],"jetpack_sharing_enabled":true,"jetpack_featured_media_url":"","_links":{"self":[{"href":"https:\/\/www.oparanews.com.br\/index.php\/wp-json\/wp\/v2\/posts\/8116","targetHints":{"allow":["GET"]}}],"collection":[{"href":"https:\/\/www.oparanews.com.br\/index.php\/wp-json\/wp\/v2\/posts"}],"about":[{"href":"https:\/\/www.oparanews.com.br\/index.php\/wp-json\/wp\/v2\/types\/post"}],"author":[{"embeddable":true,"href":"https:\/\/www.oparanews.com.br\/index.php\/wp-json\/wp\/v2\/users\/1"}],"replies":[{"embeddable":true,"href":"https:\/\/www.oparanews.com.br\/index.php\/wp-json\/wp\/v2\/comments?post=8116"}],"version-history":[{"count":0,"href":"https:\/\/www.oparanews.com.br\/index.php\/wp-json\/wp\/v2\/posts\/8116\/revisions"}],"wp:attachment":[{"href":"https:\/\/www.oparanews.com.br\/index.php\/wp-json\/wp\/v2\/media?parent=8116"}],"wp:term":[{"taxonomy":"category","embeddable":true,"href":"https:\/\/www.oparanews.com.br\/index.php\/wp-json\/wp\/v2\/categories?post=8116"},{"taxonomy":"post_tag","embeddable":true,"href":"https:\/\/www.oparanews.com.br\/index.php\/wp-json\/wp\/v2\/tags?post=8116"}],"curies":[{"name":"wp","href":"https:\/\/api.w.org\/{rel}","templated":true}]}}