{"id":8125,"date":"2020-07-20T17:52:32","date_gmt":"2020-07-20T17:52:32","guid":{"rendered":"https:\/\/oparanews.com.br\/?p=8125"},"modified":"2020-07-20T17:52:32","modified_gmt":"2020-07-20T17:52:32","slug":"marina-ruy-barbosa-insiste-em-ida-para-o-sbt","status":"publish","type":"post","link":"https:\/\/www.oparanews.com.br\/index.php\/2020\/07\/20\/marina-ruy-barbosa-insiste-em-ida-para-o-sbt\/","title":{"rendered":"Marina Ruy Barbosa insiste em ida para o SBT"},"content":{"rendered":"<p>Marina Ruy Barbosa voltou a insistir em sua ida ao SBT, para participar do Programa da Maisa, e fez um novo pedido \u00e0 Globo por meio do seu perfil no Instagram.<\/p>\n<p>Ao comentar em uma publica\u00e7\u00e3o da apresentadora, a ruiva pediu pela segunda vez: \u201cAl\u00f4, Rede Globo, me deixa ir ao Programa da Maisa? Eu vou e volto direitinho\u201c.<\/p>\n<p>A primeira tentativa de ir ao canal de Silvio Santos aconteceu em 2018, quando, por meio das redes sociais, a famosa disse que gostaria de receber o Trof\u00e9u Imprensa.<\/p>\n<p>Seria a sua oportunidade de ficar cara a cara com Silvio Santos pela primeira vez e ela escreveu: \u201cEu quero ir ao Trof\u00e9u Imprensa esse ano receber meu pr\u00eamio, como faz?\u201d.<\/p>\n<p>\u201cGlobo, libera eu! Quero conhecer o Silvio Santos\u201d, insistiu, na \u00e9poca, mas seu pedido n\u00e3o foi respondido e muito menos acatado. Agora, os f\u00e3s torcem para que a Globo mude de ideia.<\/p>\n<p>Recentemente, ela decidiu usar o seu perfil no Twitter para fazer um apelo. A ruiva condenou a onda de ataques e coment\u00e1rios cru\u00e9is para propaga\u00e7\u00e3o do \u00f3dio nas redes sociais.<\/p>\n<p>Em mensagem, a atriz pediu mais empatia aos internautas e desabafou: \u201cAcho muito errado ficar fazendo meme ou coment\u00e1rios pesados sobre a apar\u00eancia das pessoas\u201d.<\/p>\n<p>\u201cIsso pode ser MUITO perigoso\u2026 empatia galera, empatia\u201d, acrescentou a famosa, que n\u00e3o citou o motivo da mensagem. Em seguida, a esposa de Alexandre Negr\u00e3o mandou um recado sincero \u00e0queles que propagam \u00f3dio.<\/p>\n<p>\u201cTipo, pegar frame de v\u00eddeo, foto de \u00e2ngulo ruim, pra ficar diminuindo e expondo algu\u00e9m. Juro, pra qu\u00ea? N\u00e3o entendo, o que a pessoa que faz isso ganha? Se sente melhor ferindo algu\u00e9m pra se sentir superior? \u00c9 isso?\u201d, alfinetou Marina Ruy Barbosa.<\/p>\n<p>&nbsp;<\/p>\n<p><strong>Fonte: RD1<\/strong><\/p>\n<p>&nbsp;<\/p>\n","protected":false},"excerpt":{"rendered":"<p>Marina Ruy Barbosa voltou a insistir em sua ida ao SBT, para participar do Programa da Maisa, e fez um novo pedido \u00e0 Globo por meio do seu perfil no Instagram. Ao comentar em uma publica\u00e7\u00e3o da apresentadora, a ruiva pediu pela segunda vez: \u201cAl\u00f4, Rede Globo, me deixa ir ao Programa da Maisa? Eu &hellip;<\/p>\n","protected":false},"author":1,"featured_media":8126,"comment_status":"open","ping_status":"open","sticky":false,"template":"","format":"standard","meta":{"_jetpack_newsletter_access":"","_jetpack_dont_email_post_to_subs":false,"_jetpack_newsletter_tier_id":0,"_jetpack_memberships_contains_paywalled_content":false,"_jetpack_memberships_contains_paid_content":false,"footnotes":""},"categories":[1],"tags":[],"class_list":["post-8125","post","type-post","status-publish","format-standard","has-post-thumbnail","hentry","category-destaque"],"jetpack_sharing_enabled":true,"jetpack_featured_media_url":"","_links":{"self":[{"href":"https:\/\/www.oparanews.com.br\/index.php\/wp-json\/wp\/v2\/posts\/8125","targetHints":{"allow":["GET"]}}],"collection":[{"href":"https:\/\/www.oparanews.com.br\/index.php\/wp-json\/wp\/v2\/posts"}],"about":[{"href":"https:\/\/www.oparanews.com.br\/index.php\/wp-json\/wp\/v2\/types\/post"}],"author":[{"embeddable":true,"href":"https:\/\/www.oparanews.com.br\/index.php\/wp-json\/wp\/v2\/users\/1"}],"replies":[{"embeddable":true,"href":"https:\/\/www.oparanews.com.br\/index.php\/wp-json\/wp\/v2\/comments?post=8125"}],"version-history":[{"count":0,"href":"https:\/\/www.oparanews.com.br\/index.php\/wp-json\/wp\/v2\/posts\/8125\/revisions"}],"wp:attachment":[{"href":"https:\/\/www.oparanews.com.br\/index.php\/wp-json\/wp\/v2\/media?parent=8125"}],"wp:term":[{"taxonomy":"category","embeddable":true,"href":"https:\/\/www.oparanews.com.br\/index.php\/wp-json\/wp\/v2\/categories?post=8125"},{"taxonomy":"post_tag","embeddable":true,"href":"https:\/\/www.oparanews.com.br\/index.php\/wp-json\/wp\/v2\/tags?post=8125"}],"curies":[{"name":"wp","href":"https:\/\/api.w.org\/{rel}","templated":true}]}}